{"id":6379,"date":"2017-06-14T20:25:22","date_gmt":"2017-06-14T18:25:22","guid":{"rendered":"http:\/\/www.feuerwehr-florian.com\/?p=6379"},"modified":"2017-06-20T12:51:20","modified_gmt":"2017-06-20T10:51:20","slug":"brandmeldealarm-im-astenfeld-7","status":"publish","type":"post","link":"https:\/\/www.feuerwehr-florian.com\/?p=6379","title":{"rendered":"Brandmeldealarm im Astenfeld"},"content":{"rendered":"<p>Am Nachmittag des 14. Juni 2017 wurde die FF St. Florian mittels Sirene und Pager zu einem Brandmeldealarm ins Astenfeld alarmiert.<\/p>\n<p><!--more--><\/p>\n<p>Vor Ort konnte nach der Erkundung kein Grund f\u00fcr das Ausl\u00f6sen des Rauchmelders festgestellt werden. Nach rund 30 Minuten war der Einsatz f\u00fcr die 14 Mann der Feuerwehr St. Florian beendet.<\/p>\n","protected":false},"excerpt":{"rendered":"<p>Am Nachmittag des 14. Juni 2017 wurde die FF St. Florian mittels Sirene und Pager zu einem Brandmeldealarm ins Astenfeld alarmiert.<\/p>\n","protected":false},"author":2,"featured_media":4852,"comment_status":"closed","ping_status":"closed","sticky":false,"template":"","format":"standard","meta":{"_jetpack_memberships_contains_paid_content":false,"footnotes":"","jetpack_publicize_message":"","jetpack_publicize_feature_enabled":true,"jetpack_social_post_already_shared":false,"jetpack_social_options":{"image_generator_settings":{"template":"highway","default_image_id":0,"font":"","enabled":false},"version":2}},"categories":[22],"tags":[155,16],"class_list":["post-6379","post","type-post","status-publish","format-standard","has-post-thumbnail","hentry","category-einsaetze","tag-155","tag-brandmeldealarm"],"jetpack_publicize_connections":[],"jetpack_featured_media_url":"https:\/\/www.feuerwehr-florian.com\/wp-content\/uploads\/2016\/01\/Symbolfoto2-1.jpg","jetpack_sharing_enabled":true,"jetpack_likes_enabled":true,"_links":{"self":[{"href":"https:\/\/www.feuerwehr-florian.com\/index.php?rest_route=\/wp\/v2\/posts\/6379","targetHints":{"allow":["GET"]}}],"collection":[{"href":"https:\/\/www.feuerwehr-florian.com\/index.php?rest_route=\/wp\/v2\/posts"}],"about":[{"href":"https:\/\/www.feuerwehr-florian.com\/index.php?rest_route=\/wp\/v2\/types\/post"}],"author":[{"embeddable":true,"href":"https:\/\/www.feuerwehr-florian.com\/index.php?rest_route=\/wp\/v2\/users\/2"}],"replies":[{"embeddable":true,"href":"https:\/\/www.feuerwehr-florian.com\/index.php?rest_route=%2Fwp%2Fv2%2Fcomments&post=6379"}],"version-history":[{"count":1,"href":"https:\/\/www.feuerwehr-florian.com\/index.php?rest_route=\/wp\/v2\/posts\/6379\/revisions"}],"predecessor-version":[{"id":6380,"href":"https:\/\/www.feuerwehr-florian.com\/index.php?rest_route=\/wp\/v2\/posts\/6379\/revisions\/6380"}],"wp:featuredmedia":[{"embeddable":true,"href":"https:\/\/www.feuerwehr-florian.com\/index.php?rest_route=\/wp\/v2\/media\/4852"}],"wp:attachment":[{"href":"https:\/\/www.feuerwehr-florian.com\/index.php?rest_route=%2Fwp%2Fv2%2Fmedia&parent=6379"}],"wp:term":[{"taxonomy":"category","embeddable":true,"href":"https:\/\/www.feuerwehr-florian.com\/index.php?rest_route=%2Fwp%2Fv2%2Fcategories&post=6379"},{"taxonomy":"post_tag","embeddable":true,"href":"https:\/\/www.feuerwehr-florian.com\/index.php?rest_route=%2Fwp%2Fv2%2Ftags&post=6379"}],"curies":[{"name":"wp","href":"https:\/\/api.w.org\/{rel}","templated":true}]}}