{"id":6384,"date":"2017-06-15T17:02:41","date_gmt":"2017-06-15T15:02:41","guid":{"rendered":"http:\/\/www.feuerwehr-florian.com\/?p=6384"},"modified":"2017-06-20T12:50:34","modified_gmt":"2017-06-20T10:50:34","slug":"brandverdacht-bei-lkw-anhaenger-im-astenfeld","status":"publish","type":"post","link":"https:\/\/www.feuerwehr-florian.com\/?p=6384","title":{"rendered":"Brandverdacht bei LKW Anh\u00e4nger im Astenfeld"},"content":{"rendered":"<ul>\n<li>Am Nachmittag des 15. Juni 2017 wurde die FF St. Florian mittels Sirene und Pager zu einem Brandverdacht in das Astenfeld alarmiert.<\/li>\n<\/ul>\n<p><!--more--><\/p>\n<p>Vor Ort wurde eine Rauchentwicklung aus dem K\u00fchlger\u00e4t des Sattelaufleger festgestellt. Das mittels Motor betriebene K\u00fchlaggregat wurde abgestellt und extern mit Strom versorgt. Nach rund 45 Minuten konnte der Einsatz f\u00fcr die FF St. Florian wieder beendet werden. Im Einsatz standen 25 Mann mit vier Fahrzeugen (<strong><a href=\"http:\/\/www.feuerwehr-florian.com\/?page_id=2916\">KRF-A 200<\/a><\/strong>, <strong><a href=\"http:\/\/www.feuerwehr-florian.com\/?page_id=3047\">TLF-A 2000<\/a><\/strong>,<strong><a href=\"http:\/\/www.feuerwehr-florian.com\/?page_id=3049\"> LF-A<\/a><\/strong>, <strong><a href=\"http:\/\/www.feuerwehr-florian.com\/?page_id=3050\">LAST<\/a><\/strong>).<\/p>\n<p>Fotos: (c)<strong><a href=\"http:\/\/www.fotokerschi.at\/\"> fotokerschi.at<\/a><\/strong><\/p>\n\n\t\t<style type=\"text\/css\">\n\t\t\t#gallery-1 {\n\t\t\t\tmargin: auto;\n\t\t\t}\n\t\t\t#gallery-1 .gallery-item {\n\t\t\t\tfloat: left;\n\t\t\t\tmargin-top: 10px;\n\t\t\t\ttext-align: center;\n\t\t\t\twidth: 33%;\n\t\t\t}\n\t\t\t#gallery-1 img {\n\t\t\t\tborder: 2px solid #cfcfcf;\n\t\t\t}\n\t\t\t#gallery-1 .gallery-caption {\n\t\t\t\tmargin-left: 0;\n\t\t\t}\n\t\t\t\/* see gallery_shortcode() in wp-includes\/media.php *\/\n\t\t<\/style>\n\t\t<div id='gallery-1' class='gallery galleryid-6384 gallery-columns-3 gallery-size-thumbnail'><dl class='gallery-item'>\n\t\t\t<dt class='gallery-icon landscape'>\n\t\t\t\t<a href='https:\/\/www.feuerwehr-florian.com\/wp-content\/uploads\/2017\/06\/DSC_1640.jpg' title=\"\" data-rl_title=\"\" class=\"rl-gallery-link\" data-rl_caption=\"\" data-rel=\"lightbox-gallery-1\"><img loading=\"lazy\" decoding=\"async\" width=\"250\" height=\"250\" src=\"https:\/\/www.feuerwehr-florian.com\/wp-content\/uploads\/2017\/06\/DSC_1640-250x250.jpg\" class=\"attachment-thumbnail size-thumbnail\" alt=\"\" \/><\/a>\n\t\t\t<\/dt><\/dl><dl class='gallery-item'>\n\t\t\t<dt class='gallery-icon landscape'>\n\t\t\t\t<a href='https:\/\/www.feuerwehr-florian.com\/wp-content\/uploads\/2017\/06\/DSC_1648.jpg' title=\"\" data-rl_title=\"\" class=\"rl-gallery-link\" data-rl_caption=\"\" data-rel=\"lightbox-gallery-1\"><img loading=\"lazy\" decoding=\"async\" width=\"250\" height=\"250\" src=\"https:\/\/www.feuerwehr-florian.com\/wp-content\/uploads\/2017\/06\/DSC_1648-250x250.jpg\" class=\"attachment-thumbnail size-thumbnail\" alt=\"\" \/><\/a>\n\t\t\t<\/dt><\/dl><dl class='gallery-item'>\n\t\t\t<dt class='gallery-icon portrait'>\n\t\t\t\t<a href='https:\/\/www.feuerwehr-florian.com\/wp-content\/uploads\/2017\/06\/DSC_1651.jpg' title=\"\" data-rl_title=\"\" class=\"rl-gallery-link\" data-rl_caption=\"\" data-rel=\"lightbox-gallery-1\"><img loading=\"lazy\" decoding=\"async\" width=\"250\" height=\"250\" src=\"https:\/\/www.feuerwehr-florian.com\/wp-content\/uploads\/2017\/06\/DSC_1651-250x250.jpg\" class=\"attachment-thumbnail size-thumbnail\" alt=\"\" \/><\/a>\n\t\t\t<\/dt><\/dl><br style=\"clear: both\" \/>\n\t\t<\/div>\n\n","protected":false},"excerpt":{"rendered":"<p>Am Nachmittag des 15. Juni 2017 wurde die FF St. Florian mittels Sirene und Pager zu einem Brandverdacht in das Astenfeld alarmiert.<\/p>\n","protected":false},"author":2,"featured_media":6385,"comment_status":"closed","ping_status":"closed","sticky":false,"template":"","format":"standard","meta":{"_jetpack_memberships_contains_paid_content":false,"footnotes":"","jetpack_publicize_message":"","jetpack_publicize_feature_enabled":true,"jetpack_social_post_already_shared":false,"jetpack_social_options":{"image_generator_settings":{"template":"highway","default_image_id":0,"font":"","enabled":false},"version":2}},"categories":[22],"tags":[3,29,63],"class_list":["post-6384","post","type-post","status-publish","format-standard","has-post-thumbnail","hentry","category-einsaetze","tag-brand","tag-brandeinsatz","tag-brandverdacht"],"jetpack_publicize_connections":[],"jetpack_featured_media_url":"https:\/\/www.feuerwehr-florian.com\/wp-content\/uploads\/2017\/06\/DSC_1640.jpg","jetpack_sharing_enabled":true,"jetpack_likes_enabled":true,"_links":{"self":[{"href":"https:\/\/www.feuerwehr-florian.com\/index.php?rest_route=\/wp\/v2\/posts\/6384","targetHints":{"allow":["GET"]}}],"collection":[{"href":"https:\/\/www.feuerwehr-florian.com\/index.php?rest_route=\/wp\/v2\/posts"}],"about":[{"href":"https:\/\/www.feuerwehr-florian.com\/index.php?rest_route=\/wp\/v2\/types\/post"}],"author":[{"embeddable":true,"href":"https:\/\/www.feuerwehr-florian.com\/index.php?rest_route=\/wp\/v2\/users\/2"}],"replies":[{"embeddable":true,"href":"https:\/\/www.feuerwehr-florian.com\/index.php?rest_route=%2Fwp%2Fv2%2Fcomments&post=6384"}],"version-history":[{"count":5,"href":"https:\/\/www.feuerwehr-florian.com\/index.php?rest_route=\/wp\/v2\/posts\/6384\/revisions"}],"predecessor-version":[{"id":6397,"href":"https:\/\/www.feuerwehr-florian.com\/index.php?rest_route=\/wp\/v2\/posts\/6384\/revisions\/6397"}],"wp:featuredmedia":[{"embeddable":true,"href":"https:\/\/www.feuerwehr-florian.com\/index.php?rest_route=\/wp\/v2\/media\/6385"}],"wp:attachment":[{"href":"https:\/\/www.feuerwehr-florian.com\/index.php?rest_route=%2Fwp%2Fv2%2Fmedia&parent=6384"}],"wp:term":[{"taxonomy":"category","embeddable":true,"href":"https:\/\/www.feuerwehr-florian.com\/index.php?rest_route=%2Fwp%2Fv2%2Fcategories&post=6384"},{"taxonomy":"post_tag","embeddable":true,"href":"https:\/\/www.feuerwehr-florian.com\/index.php?rest_route=%2Fwp%2Fv2%2Ftags&post=6384"}],"curies":[{"name":"wp","href":"https:\/\/api.w.org\/{rel}","templated":true}]}}