{"id":6521,"date":"2017-08-30T07:18:55","date_gmt":"2017-08-30T05:18:55","guid":{"rendered":"http:\/\/www.feuerwehr-florian.com\/?p=6521"},"modified":"2017-08-30T08:51:25","modified_gmt":"2017-08-30T06:51:25","slug":"brandmeldealarm-im-astenfeld-8","status":"publish","type":"post","link":"https:\/\/www.feuerwehr-florian.com\/?p=6521","title":{"rendered":"Brandmeldealarm im Astenfeld"},"content":{"rendered":"<p>In den Morgenstunden des 30. August 2017 wurde die FF St. Florian mittels Sirene und Pager zu einem Brandmeldealarm ins Astenfeld alarmiert.<\/p>\n<p><!--more--><\/p>\n<p>Vor Ort konnte nach der Erkundung kein Grund f\u00fcr das Ausl\u00f6sen des Rauchmelders festgestellt werden.<\/p>\n<p>Die FF St. Florian r\u00fcckte nach R\u00fccksprache mit dem Brandschutzbeauftragten wieder ins Zeughaus ein. Gerade zur\u00fcckgekommen, meldete das Landesfeuerwehrkommando einen erneuten Brandmeldeeinsatz im Astenfeld. Der gleiche Melder l\u00f6ste wieder einen Alarm aus. Daraufhin r\u00fcckte der L\u00f6schzug der FF St. Florian erneut aus. Es konnte jedoch abermals kein Ausl\u00f6segrund festgestellt werden.<\/p>\n<p>Nach rund 1,5 Stunden war der Einsatz f\u00fcr die 21 Mann der Feuerwehr St. Florian beendet.<\/p>\n","protected":false},"excerpt":{"rendered":"<p>In den Morgenstunden des 30. August 2017 wurde die FF St. Florian mittels Sirene und Pager zu einem Brandmeldealarm ins Astenfeld alarmiert.<\/p>\n","protected":false},"author":8,"featured_media":5926,"comment_status":"closed","ping_status":"closed","sticky":false,"template":"","format":"standard","meta":{"_jetpack_memberships_contains_paid_content":false,"footnotes":"","jetpack_publicize_message":"","jetpack_publicize_feature_enabled":true,"jetpack_social_post_already_shared":false,"jetpack_social_options":{"image_generator_settings":{"template":"highway","default_image_id":0,"font":"","enabled":false},"version":2}},"categories":[22],"tags":[155,16,4],"class_list":["post-6521","post","type-post","status-publish","format-standard","has-post-thumbnail","hentry","category-einsaetze","tag-155","tag-brandmeldealarm","tag-einsatz"],"jetpack_publicize_connections":[],"jetpack_featured_media_url":"https:\/\/www.feuerwehr-florian.com\/wp-content\/uploads\/2016\/10\/Symbolfoto3.jpg","jetpack_sharing_enabled":true,"jetpack_likes_enabled":true,"_links":{"self":[{"href":"https:\/\/www.feuerwehr-florian.com\/index.php?rest_route=\/wp\/v2\/posts\/6521","targetHints":{"allow":["GET"]}}],"collection":[{"href":"https:\/\/www.feuerwehr-florian.com\/index.php?rest_route=\/wp\/v2\/posts"}],"about":[{"href":"https:\/\/www.feuerwehr-florian.com\/index.php?rest_route=\/wp\/v2\/types\/post"}],"author":[{"embeddable":true,"href":"https:\/\/www.feuerwehr-florian.com\/index.php?rest_route=\/wp\/v2\/users\/8"}],"replies":[{"embeddable":true,"href":"https:\/\/www.feuerwehr-florian.com\/index.php?rest_route=%2Fwp%2Fv2%2Fcomments&post=6521"}],"version-history":[{"count":10,"href":"https:\/\/www.feuerwehr-florian.com\/index.php?rest_route=\/wp\/v2\/posts\/6521\/revisions"}],"predecessor-version":[{"id":6532,"href":"https:\/\/www.feuerwehr-florian.com\/index.php?rest_route=\/wp\/v2\/posts\/6521\/revisions\/6532"}],"wp:featuredmedia":[{"embeddable":true,"href":"https:\/\/www.feuerwehr-florian.com\/index.php?rest_route=\/wp\/v2\/media\/5926"}],"wp:attachment":[{"href":"https:\/\/www.feuerwehr-florian.com\/index.php?rest_route=%2Fwp%2Fv2%2Fmedia&parent=6521"}],"wp:term":[{"taxonomy":"category","embeddable":true,"href":"https:\/\/www.feuerwehr-florian.com\/index.php?rest_route=%2Fwp%2Fv2%2Fcategories&post=6521"},{"taxonomy":"post_tag","embeddable":true,"href":"https:\/\/www.feuerwehr-florian.com\/index.php?rest_route=%2Fwp%2Fv2%2Ftags&post=6521"}],"curies":[{"name":"wp","href":"https:\/\/api.w.org\/{rel}","templated":true}]}}