{"id":6587,"date":"2017-10-09T19:52:30","date_gmt":"2017-10-09T17:52:30","guid":{"rendered":"http:\/\/www.feuerwehr-florian.com\/?p=6587"},"modified":"2017-10-10T15:29:16","modified_gmt":"2017-10-10T13:29:16","slug":"herbstuebung-der-feuerwehren-des-pflichtbereichs-st-florian","status":"publish","type":"post","link":"https:\/\/www.feuerwehr-florian.com\/?p=6587","title":{"rendered":"Herbst\u00fcbung der Feuerwehren des Pflichtbereichs St. Florian"},"content":{"rendered":"<p>Am Samstag den 7. Oktober 2017 fand die allj\u00e4hrliche Herbst\u00fcbung der Feuerwehren des Pflichtbereichs St. Florian statt.<\/p>\n<p><!--more--><\/p>\n<p>Als \u00dcbungsobjekt wurde uns von der Fam. Falthansl der Jahreszeitenhof in Gemering zur Verf\u00fcgung gestellt. Als \u00dcbungsannahme wurde neben einem Verkehrsunfall auch noch ein Brand des Dachstuhles mit mehreren vermissten Personen im Kellergeschoss simuliert.<\/p>\n<p>Den Atemschutztr\u00e4gern machte der sehr weitl\u00e4ufige und verrauchte Keller des landwirtschaftlichen Objekts zu schaffen. Dort mussten die vermissten Personen aufgefunden und mittels Tragetuch ins Freie gebracht werden. Der Keller bietet f\u00fcr diese Annahme die perfekten \u00dcbungsbedingungen.<\/p>\n<p>Das KRF-A 200 war inzwischen mit der Menschrettung beim Verkehrsunfall besch\u00e4ftigt, wo insgesamt drei Personen in Zusammenarbeit der FF Rohrbach aus dem Fahrzeug gerettet werden mussten.<\/p>\n<p>Die restlichen Einsatzkr\u00e4fte konnten beim Dachstuhlbrand ihr K\u00f6nnen unter Beweis stellen, wo neben der TB-23-12 auch mehrere Rohre im Au\u00dfenangriff vorgenommen wurden. Die Wasserversorgung wurde durch mehrere Tragkraftspritzen vom nahe gelegenen Bach sichergestellt. Dieser musste f\u00fcr eine ausreichende Wasserversorgung jedoch erst aufgestaut werden.<\/p>\n<p>Die Zusammenarbeit der Freiwilligen Feuerwehren Rohrbach, Bruck\/Hausleiten, St. Florian und des Roten Kreuzes St. Florian konnte bei dieser \u00dcbung wieder eindrucksvoll bewiesen werden. Nach rund 1,50 Stunden waren s\u00e4mtliche \u00dcbungsziele erreicht und die \u00dcbung konnte beendet werden.<\/p>\n\n\t\t<style type=\"text\/css\">\n\t\t\t#gallery-1 {\n\t\t\t\tmargin: auto;\n\t\t\t}\n\t\t\t#gallery-1 .gallery-item {\n\t\t\t\tfloat: left;\n\t\t\t\tmargin-top: 10px;\n\t\t\t\ttext-align: center;\n\t\t\t\twidth: 33%;\n\t\t\t}\n\t\t\t#gallery-1 img {\n\t\t\t\tborder: 2px solid #cfcfcf;\n\t\t\t}\n\t\t\t#gallery-1 .gallery-caption {\n\t\t\t\tmargin-left: 0;\n\t\t\t}\n\t\t\t\/* see gallery_shortcode() in wp-includes\/media.php *\/\n\t\t<\/style>\n\t\t<div id='gallery-1' class='gallery galleryid-6587 gallery-columns-3 gallery-size-thumbnail'><dl class='gallery-item'>\n\t\t\t<dt class='gallery-icon portrait'>\n\t\t\t\t<a href='https:\/\/www.feuerwehr-florian.com\/wp-content\/uploads\/2017\/10\/foke_20171007_135608.jpg' title=\"\" data-rl_title=\"\" class=\"rl-gallery-link\" data-rl_caption=\"\" data-rel=\"lightbox-gallery-1\"><img loading=\"lazy\" decoding=\"async\" width=\"250\" height=\"250\" src=\"https:\/\/www.feuerwehr-florian.com\/wp-content\/uploads\/2017\/10\/foke_20171007_135608-250x250.jpg\" class=\"attachment-thumbnail size-thumbnail\" alt=\"\" \/><\/a>\n\t\t\t<\/dt><\/dl><dl class='gallery-item'>\n\t\t\t<dt class='gallery-icon portrait'>\n\t\t\t\t<a href='https:\/\/www.feuerwehr-florian.com\/wp-content\/uploads\/2017\/10\/foke_20171007_135006.jpg' title=\"\" data-rl_title=\"\" class=\"rl-gallery-link\" data-rl_caption=\"\" data-rel=\"lightbox-gallery-1\"><img loading=\"lazy\" decoding=\"async\" width=\"250\" height=\"250\" src=\"https:\/\/www.feuerwehr-florian.com\/wp-content\/uploads\/2017\/10\/foke_20171007_135006-250x250.jpg\" class=\"attachment-thumbnail size-thumbnail\" alt=\"\" \/><\/a>\n\t\t\t<\/dt><\/dl><dl class='gallery-item'>\n\t\t\t<dt class='gallery-icon landscape'>\n\t\t\t\t<a href='https:\/\/www.feuerwehr-florian.com\/wp-content\/uploads\/2017\/10\/foke_20171007_134302.jpg' title=\"\" data-rl_title=\"\" class=\"rl-gallery-link\" data-rl_caption=\"\" data-rel=\"lightbox-gallery-1\"><img loading=\"lazy\" decoding=\"async\" width=\"250\" height=\"250\" src=\"https:\/\/www.feuerwehr-florian.com\/wp-content\/uploads\/2017\/10\/foke_20171007_134302-250x250.jpg\" class=\"attachment-thumbnail size-thumbnail\" alt=\"\" \/><\/a>\n\t\t\t<\/dt><\/dl><br style=\"clear: both\" \/><dl class='gallery-item'>\n\t\t\t<dt class='gallery-icon landscape'>\n\t\t\t\t<a href='https:\/\/www.feuerwehr-florian.com\/wp-content\/uploads\/2017\/10\/foke_20171007_133120.jpg' title=\"\" data-rl_title=\"\" class=\"rl-gallery-link\" data-rl_caption=\"\" data-rel=\"lightbox-gallery-1\"><img loading=\"lazy\" decoding=\"async\" width=\"250\" height=\"250\" src=\"https:\/\/www.feuerwehr-florian.com\/wp-content\/uploads\/2017\/10\/foke_20171007_133120-250x250.jpg\" class=\"attachment-thumbnail size-thumbnail\" alt=\"\" \/><\/a>\n\t\t\t<\/dt><\/dl><dl class='gallery-item'>\n\t\t\t<dt class='gallery-icon portrait'>\n\t\t\t\t<a href='https:\/\/www.feuerwehr-florian.com\/wp-content\/uploads\/2017\/10\/foke_20171007_133001.jpg' title=\"\" data-rl_title=\"\" class=\"rl-gallery-link\" data-rl_caption=\"\" data-rel=\"lightbox-gallery-1\"><img loading=\"lazy\" decoding=\"async\" width=\"250\" height=\"250\" src=\"https:\/\/www.feuerwehr-florian.com\/wp-content\/uploads\/2017\/10\/foke_20171007_133001-250x250.jpg\" class=\"attachment-thumbnail size-thumbnail\" alt=\"\" \/><\/a>\n\t\t\t<\/dt><\/dl>\n\t\t\t<br style='clear: both' \/>\n\t\t<\/div>\n\n","protected":false},"excerpt":{"rendered":"<p>Am Samstag den 7. Oktober 2017 fand die allj\u00e4hrliche Herbst\u00fcbung der Feuerwehren des Pflichtbereichs St. Florian statt.<\/p>\n","protected":false},"author":2,"featured_media":6588,"comment_status":"closed","ping_status":"closed","sticky":false,"template":"","format":"standard","meta":{"_jetpack_memberships_contains_paid_content":false,"footnotes":"","jetpack_publicize_message":"","jetpack_publicize_feature_enabled":true,"jetpack_social_post_already_shared":false,"jetpack_social_options":{"image_generator_settings":{"template":"highway","default_image_id":0,"font":"","enabled":false},"version":2}},"categories":[74],"tags":[155,3,29,12,6,8,64,10],"class_list":["post-6587","post","type-post","status-publish","format-standard","has-post-thumbnail","hentry","category-uebungen-ausbildungen","tag-155","tag-brand","tag-brandeinsatz","tag-eingeklemmte-person","tag-feuer","tag-technischer-einsatz","tag-teleskopmastbuehne","tag-verkehrsunfall"],"jetpack_publicize_connections":[],"jetpack_featured_media_url":"https:\/\/www.feuerwehr-florian.com\/wp-content\/uploads\/2017\/10\/foke_20171007_133001.jpg","jetpack_sharing_enabled":true,"jetpack_likes_enabled":true,"_links":{"self":[{"href":"https:\/\/www.feuerwehr-florian.com\/index.php?rest_route=\/wp\/v2\/posts\/6587","targetHints":{"allow":["GET"]}}],"collection":[{"href":"https:\/\/www.feuerwehr-florian.com\/index.php?rest_route=\/wp\/v2\/posts"}],"about":[{"href":"https:\/\/www.feuerwehr-florian.com\/index.php?rest_route=\/wp\/v2\/types\/post"}],"author":[{"embeddable":true,"href":"https:\/\/www.feuerwehr-florian.com\/index.php?rest_route=\/wp\/v2\/users\/2"}],"replies":[{"embeddable":true,"href":"https:\/\/www.feuerwehr-florian.com\/index.php?rest_route=%2Fwp%2Fv2%2Fcomments&post=6587"}],"version-history":[{"count":3,"href":"https:\/\/www.feuerwehr-florian.com\/index.php?rest_route=\/wp\/v2\/posts\/6587\/revisions"}],"predecessor-version":[{"id":6596,"href":"https:\/\/www.feuerwehr-florian.com\/index.php?rest_route=\/wp\/v2\/posts\/6587\/revisions\/6596"}],"wp:featuredmedia":[{"embeddable":true,"href":"https:\/\/www.feuerwehr-florian.com\/index.php?rest_route=\/wp\/v2\/media\/6588"}],"wp:attachment":[{"href":"https:\/\/www.feuerwehr-florian.com\/index.php?rest_route=%2Fwp%2Fv2%2Fmedia&parent=6587"}],"wp:term":[{"taxonomy":"category","embeddable":true,"href":"https:\/\/www.feuerwehr-florian.com\/index.php?rest_route=%2Fwp%2Fv2%2Fcategories&post=6587"},{"taxonomy":"post_tag","embeddable":true,"href":"https:\/\/www.feuerwehr-florian.com\/index.php?rest_route=%2Fwp%2Fv2%2Ftags&post=6587"}],"curies":[{"name":"wp","href":"https:\/\/api.w.org\/{rel}","templated":true}]}}