{"id":6602,"date":"2017-10-29T17:10:43","date_gmt":"2017-10-29T16:10:43","guid":{"rendered":"http:\/\/www.feuerwehr-florian.com\/?p=6602"},"modified":"2018-05-16T07:45:15","modified_gmt":"2018-05-16T05:45:15","slug":"sturmtief-grischa-zieht-ueber-st-florian-25-einsaetze-fuer-die-marktfeuerwehr","status":"publish","type":"post","link":"https:\/\/www.feuerwehr-florian.com\/?p=6602","title":{"rendered":"Sturmtief Grischa zieht \u00fcber St. Florian &#8211; 25 Eins\u00e4tze f\u00fcr die Marktfeuerwehr"},"content":{"rendered":"<p>Auch die Feuerwehr St. Florian war heute bei etlichen Sturmeins\u00e4tzen gefordert. Eine erste Bilanz kann nun gezogen werden:<\/p>\n<p><!--more--><\/p>\n<ul>\n<li><strong>08:42 Uhr<\/strong> &#8211; erste Alarmierung an diesem Tag<\/li>\n<li><strong>6<\/strong> Fahrzeuge im Einsatz (<strong><a href=\"http:\/\/www.feuerwehr-florian.com\/?page_id=2916\">KRF-A 200<\/a><\/strong>, <strong><a href=\"http:\/\/www.feuerwehr-florian.com\/?page_id=3047\">TLF-A 2000<\/a><\/strong>, <strong><a href=\"http:\/\/www.feuerwehr-florian.com\/?page_id=3048\">TB-23\/12<\/a><\/strong>, <strong><a href=\"http:\/\/www.feuerwehr-florian.com\/?page_id=3049\">LF-A<\/a><\/strong>,<strong> <a href=\"http:\/\/www.feuerwehr-florian.com\/?page_id=3050\">LAST<\/a><\/strong>, <strong><a href=\"http:\/\/www.feuerwehr-florian.com\/?page_id=3051\">KDO<\/a><\/strong>)<\/li>\n<li><strong>25<\/strong> Eins\u00e4tze im gesamten Gemeindegebiet<\/li>\n<li><strong>35<\/strong> Mann seit 08:42 bis 17:00 durchgehend im Einsatz<\/li>\n<\/ul>\n<p>Das Spektrum der Eins\u00e4tze umfasste mehrere umgest\u00fcrzte B\u00e4ume, umsturzgef\u00e4hrdete Strommasten, abgedeckte D\u00e4cher, sowie einen Brandmeldealarm im Industriegebiet.<\/p>\n<p>Besonders bew\u00e4hrt hat sich bei den heutigen Eins\u00e4tzen die Teleskopmastb\u00fchne, die ein sicheres Arbeiten auf den Hausd\u00e4chern erm\u00f6glicht hat.<\/p>\n<p>Die Thannstra\u00dfe, die Wolfsj\u00e4gerstra\u00dfe sowie das Forstholz wurde sicherheitshalber komplett gesperrt, da ein sichers Aufarbeiten der Sturmsch\u00e4den auf Grund immer wieder umst\u00fcrzender B\u00e4ume nicht m\u00f6glich war. Nach dem Abflauen des Sturmes wurde auch bei diesen Einsatzstellen mit den Aufr\u00e4umarbeiten begonnen.<\/p>\n<p>Nach jetzigem Stand (17:00 Uhr) wurden alle Eins\u00e4tze abgearbeitet und die Einsatzbereitschaft der Fahrzeuge sowie der Ger\u00e4tschaften wird im Laufe des Abends wieder hergestellt.<\/p>\n<p>Hier finden sie noch Medienberichte zu dem heutigen Sturmereigniss:<br \/>\n<strong><a href=\"http:\/\/orf.at\/stories\/2412782\/2412783\/\">ORF<br \/>\n<\/a><\/strong><strong><a href=\"http:\/\/www.nachrichten.at\/nachrichten\/liveticker\/Live-Sturm-fegt-ueber-Oberoesterreich;art165616,2719697\">O\u00d6N<br \/>\n<\/a><\/strong><strong><a href=\"http:\/\/www.laumat.at\/medienbericht,sturmtief-grischa-zieht-ueber-oesterreich-und-sorgt-fuer-viele-einsaetze-der-feuerwehren,9476.html\">Laumat<br \/>\n<\/a><\/strong><strong><a href=\"http:\/\/www.fotokerschi.at\/blog\/sturmtief-fuehrt-zu-zahlreichen-feuerwehreinsaetzen\/\">FotoKerschi<\/a><\/strong><\/p>\n\n\t\t<style type=\"text\/css\">\n\t\t\t#gallery-1 {\n\t\t\t\tmargin: auto;\n\t\t\t}\n\t\t\t#gallery-1 .gallery-item {\n\t\t\t\tfloat: left;\n\t\t\t\tmargin-top: 10px;\n\t\t\t\ttext-align: center;\n\t\t\t\twidth: 33%;\n\t\t\t}\n\t\t\t#gallery-1 img {\n\t\t\t\tborder: 2px solid #cfcfcf;\n\t\t\t}\n\t\t\t#gallery-1 .gallery-caption {\n\t\t\t\tmargin-left: 0;\n\t\t\t}\n\t\t\t\/* see gallery_shortcode() in wp-includes\/media.php *\/\n\t\t<\/style>\n\t\t<div id='gallery-1' class='gallery galleryid-6602 gallery-columns-3 gallery-size-thumbnail'><dl class='gallery-item'>\n\t\t\t<dt class='gallery-icon landscape'>\n\t\t\t\t<a href='https:\/\/www.feuerwehr-florian.com\/wp-content\/uploads\/2017\/10\/IMG_7357.jpg' title=\"\" data-rl_title=\"\" class=\"rl-gallery-link\" data-rl_caption=\"\" data-rel=\"lightbox-gallery-1\"><img loading=\"lazy\" decoding=\"async\" width=\"250\" height=\"250\" src=\"https:\/\/www.feuerwehr-florian.com\/wp-content\/uploads\/2017\/10\/IMG_7357-250x250.jpg\" class=\"attachment-thumbnail size-thumbnail\" alt=\"\" \/><\/a>\n\t\t\t<\/dt><\/dl><dl class='gallery-item'>\n\t\t\t<dt class='gallery-icon landscape'>\n\t\t\t\t<a href='https:\/\/www.feuerwehr-florian.com\/wp-content\/uploads\/2017\/10\/IMG_7366.jpg' title=\"\" data-rl_title=\"\" class=\"rl-gallery-link\" data-rl_caption=\"\" data-rel=\"lightbox-gallery-1\"><img loading=\"lazy\" decoding=\"async\" width=\"250\" height=\"250\" src=\"https:\/\/www.feuerwehr-florian.com\/wp-content\/uploads\/2017\/10\/IMG_7366-250x250.jpg\" class=\"attachment-thumbnail size-thumbnail\" alt=\"\" \/><\/a>\n\t\t\t<\/dt><\/dl><dl class='gallery-item'>\n\t\t\t<dt class='gallery-icon landscape'>\n\t\t\t\t<a href='https:\/\/www.feuerwehr-florian.com\/wp-content\/uploads\/2017\/10\/IMG_7377.jpg' title=\"\" data-rl_title=\"\" class=\"rl-gallery-link\" data-rl_caption=\"\" data-rel=\"lightbox-gallery-1\"><img loading=\"lazy\" decoding=\"async\" width=\"250\" height=\"250\" src=\"https:\/\/www.feuerwehr-florian.com\/wp-content\/uploads\/2017\/10\/IMG_7377-250x250.jpg\" class=\"attachment-thumbnail size-thumbnail\" alt=\"\" \/><\/a>\n\t\t\t<\/dt><\/dl><br style=\"clear: both\" \/><dl class='gallery-item'>\n\t\t\t<dt class='gallery-icon landscape'>\n\t\t\t\t<a href='https:\/\/www.feuerwehr-florian.com\/wp-content\/uploads\/2017\/10\/IMG_7386.jpg' title=\"\" data-rl_title=\"\" class=\"rl-gallery-link\" data-rl_caption=\"\" data-rel=\"lightbox-gallery-1\"><img loading=\"lazy\" decoding=\"async\" width=\"250\" height=\"250\" src=\"https:\/\/www.feuerwehr-florian.com\/wp-content\/uploads\/2017\/10\/IMG_7386-250x250.jpg\" class=\"attachment-thumbnail size-thumbnail\" alt=\"\" \/><\/a>\n\t\t\t<\/dt><\/dl><dl class='gallery-item'>\n\t\t\t<dt class='gallery-icon portrait'>\n\t\t\t\t<a href='https:\/\/www.feuerwehr-florian.com\/wp-content\/uploads\/2017\/10\/IMG_7390.jpg' title=\"\" data-rl_title=\"\" class=\"rl-gallery-link\" data-rl_caption=\"\" data-rel=\"lightbox-gallery-1\"><img loading=\"lazy\" decoding=\"async\" width=\"250\" height=\"250\" src=\"https:\/\/www.feuerwehr-florian.com\/wp-content\/uploads\/2017\/10\/IMG_7390-250x250.jpg\" class=\"attachment-thumbnail size-thumbnail\" alt=\"\" \/><\/a>\n\t\t\t<\/dt><\/dl><dl class='gallery-item'>\n\t\t\t<dt class='gallery-icon portrait'>\n\t\t\t\t<a href='https:\/\/www.feuerwehr-florian.com\/wp-content\/uploads\/2017\/10\/IMG_7391.jpg' title=\"\" data-rl_title=\"\" class=\"rl-gallery-link\" data-rl_caption=\"\" data-rel=\"lightbox-gallery-1\"><img loading=\"lazy\" decoding=\"async\" width=\"250\" height=\"250\" src=\"https:\/\/www.feuerwehr-florian.com\/wp-content\/uploads\/2017\/10\/IMG_7391-250x250.jpg\" class=\"attachment-thumbnail size-thumbnail\" alt=\"\" \/><\/a>\n\t\t\t<\/dt><\/dl><br style=\"clear: both\" \/>\n\t\t<\/div>\n\n","protected":false},"excerpt":{"rendered":"<p>Auch die Feuerwehr St. Florian war heute bei etlichen Sturmeins\u00e4tzen gefordert. Eine erste Bilanz kann nun gezogen werden:<\/p>\n","protected":false},"author":2,"featured_media":6607,"comment_status":"closed","ping_status":"closed","sticky":false,"template":"","format":"standard","meta":{"_jetpack_memberships_contains_paid_content":false,"footnotes":"","jetpack_publicize_message":"","jetpack_publicize_feature_enabled":true,"jetpack_social_post_already_shared":false,"jetpack_social_options":{"image_generator_settings":{"template":"highway","default_image_id":0,"font":"","enabled":false},"version":2}},"categories":[22],"tags":[155,16,4,14,8,64,73],"class_list":["post-6602","post","type-post","status-publish","format-standard","has-post-thumbnail","hentry","category-einsaetze","tag-155","tag-brandmeldealarm","tag-einsatz","tag-sturmschaden","tag-technischer-einsatz","tag-teleskopmastbuehne","tag-unwetter"],"jetpack_publicize_connections":[],"jetpack_featured_media_url":"https:\/\/www.feuerwehr-florian.com\/wp-content\/uploads\/2017\/10\/IMG_7366.jpg","jetpack_sharing_enabled":true,"jetpack_likes_enabled":true,"_links":{"self":[{"href":"https:\/\/www.feuerwehr-florian.com\/index.php?rest_route=\/wp\/v2\/posts\/6602","targetHints":{"allow":["GET"]}}],"collection":[{"href":"https:\/\/www.feuerwehr-florian.com\/index.php?rest_route=\/wp\/v2\/posts"}],"about":[{"href":"https:\/\/www.feuerwehr-florian.com\/index.php?rest_route=\/wp\/v2\/types\/post"}],"author":[{"embeddable":true,"href":"https:\/\/www.feuerwehr-florian.com\/index.php?rest_route=\/wp\/v2\/users\/2"}],"replies":[{"embeddable":true,"href":"https:\/\/www.feuerwehr-florian.com\/index.php?rest_route=%2Fwp%2Fv2%2Fcomments&post=6602"}],"version-history":[{"count":7,"href":"https:\/\/www.feuerwehr-florian.com\/index.php?rest_route=\/wp\/v2\/posts\/6602\/revisions"}],"predecessor-version":[{"id":6616,"href":"https:\/\/www.feuerwehr-florian.com\/index.php?rest_route=\/wp\/v2\/posts\/6602\/revisions\/6616"}],"wp:featuredmedia":[{"embeddable":true,"href":"https:\/\/www.feuerwehr-florian.com\/index.php?rest_route=\/wp\/v2\/media\/6607"}],"wp:attachment":[{"href":"https:\/\/www.feuerwehr-florian.com\/index.php?rest_route=%2Fwp%2Fv2%2Fmedia&parent=6602"}],"wp:term":[{"taxonomy":"category","embeddable":true,"href":"https:\/\/www.feuerwehr-florian.com\/index.php?rest_route=%2Fwp%2Fv2%2Fcategories&post=6602"},{"taxonomy":"post_tag","embeddable":true,"href":"https:\/\/www.feuerwehr-florian.com\/index.php?rest_route=%2Fwp%2Fv2%2Ftags&post=6602"}],"curies":[{"name":"wp","href":"https:\/\/api.w.org\/{rel}","templated":true}]}}