{"id":6633,"date":"2017-11-15T17:42:13","date_gmt":"2017-11-15T16:42:13","guid":{"rendered":"http:\/\/www.feuerwehr-florian.com\/?p=6633"},"modified":"2017-11-15T19:07:03","modified_gmt":"2017-11-15T18:07:03","slug":"brand-eines-flachdaches-in-taunleiten","status":"publish","type":"post","link":"https:\/\/www.feuerwehr-florian.com\/?p=6633","title":{"rendered":"Brand eines Flachdaches in Taunleiten"},"content":{"rendered":"<p>Am Nachmittag des 15. November 2017 wurden die Feuerwehren des Pflichtbereichs St. Florian zu einem Wohnhausbrand nach Taunleiten alarmiert. Bereits bei der Anfahrt war die Rauchentwicklung vom Brandobjekt sichtbar.<\/p>\n<p><!--more--><\/p>\n<p>Vor Ort konnte vom Einsatzleiter eine starke Rauchentwicklung am Dachbereich des Geb\u00e4udes festgestellt werden. Umgehend wurde unter schwerem Atemschutz und mittels einer Rettungss\u00e4ge die Dachhaut ge\u00f6ffnet und der Brand mittels eines C-Rohres bek\u00e4mpft. Ein weiterer Atemschutztrupp konnte w\u00e4hrenddessen ein \u00dcbergreifen der Flammen vom Dach in das Geb\u00e4ude mit einem weiterem C-Rohr verhindern. Nach rund einer Stunde konnte Brand aus gegeben werden.<\/p>\n<p>Die Brandursache wird zur Zeit von einem Brandsachverst\u00e4ndigen ermittelt. In den Abendstunden erfolgt noch eine weitere Kontrolle durch die Einsatzkr\u00e4fte.<\/p>\n<p>Im Einsatz standen 16 Mann der Marktfeuerwehr mit vier Fahrzeugen (<strong><a href=\"http:\/\/www.feuerwehr-florian.com\/?page_id=3051\">KDO<\/a><\/strong>, <strong><a href=\"http:\/\/www.feuerwehr-florian.com\/?page_id=2916\">KRF-A 200<\/a><\/strong>, <a href=\"http:\/\/www.feuerwehr-florian.com\/?page_id=3047\"><strong>TLF-A 2000<\/strong><\/a>, <strong><a href=\"http:\/\/www.feuerwehr-florian.com\/?page_id=3048\">TB-23\/12<\/a><\/strong>), Die FF Rohrbach mit zwei Fahrzeugen (RLF-A 2000, KLF-A) und die FF Bruck Hausleiten ebenfalls mit zwei Fahrzeugen (TLF-A 2000, KLF-A).<\/p>\n<p>Einen weiteren Bericht finden Sie bei unserem Medienpartner: <strong><a href=\"http:\/\/www.fotokerschi.at\/blog\/feuer-auf-flachdach\/#idx:0\">fotokerschi.at<\/a><\/strong><\/p>\n\n\t\t<style type=\"text\/css\">\n\t\t\t#gallery-1 {\n\t\t\t\tmargin: auto;\n\t\t\t}\n\t\t\t#gallery-1 .gallery-item {\n\t\t\t\tfloat: left;\n\t\t\t\tmargin-top: 10px;\n\t\t\t\ttext-align: center;\n\t\t\t\twidth: 33%;\n\t\t\t}\n\t\t\t#gallery-1 img {\n\t\t\t\tborder: 2px solid #cfcfcf;\n\t\t\t}\n\t\t\t#gallery-1 .gallery-caption {\n\t\t\t\tmargin-left: 0;\n\t\t\t}\n\t\t\t\/* see gallery_shortcode() in wp-includes\/media.php *\/\n\t\t<\/style>\n\t\t<div id='gallery-1' class='gallery galleryid-6633 gallery-columns-3 gallery-size-thumbnail'><dl class='gallery-item'>\n\t\t\t<dt class='gallery-icon portrait'>\n\t\t\t\t<a href='https:\/\/www.feuerwehr-florian.com\/wp-content\/uploads\/2017\/11\/DSC_2976.jpg' title=\"\" data-rl_title=\"\" class=\"rl-gallery-link\" data-rl_caption=\"\" data-rel=\"lightbox-gallery-1\"><img loading=\"lazy\" decoding=\"async\" width=\"250\" height=\"250\" src=\"https:\/\/www.feuerwehr-florian.com\/wp-content\/uploads\/2017\/11\/DSC_2976-250x250.jpg\" class=\"attachment-thumbnail size-thumbnail\" alt=\"\" \/><\/a>\n\t\t\t<\/dt><\/dl><dl class='gallery-item'>\n\t\t\t<dt class='gallery-icon landscape'>\n\t\t\t\t<a href='https:\/\/www.feuerwehr-florian.com\/wp-content\/uploads\/2017\/11\/DSC_2979.jpg' title=\"\" data-rl_title=\"\" class=\"rl-gallery-link\" data-rl_caption=\"\" data-rel=\"lightbox-gallery-1\"><img loading=\"lazy\" decoding=\"async\" width=\"250\" height=\"250\" src=\"https:\/\/www.feuerwehr-florian.com\/wp-content\/uploads\/2017\/11\/DSC_2979-250x250.jpg\" class=\"attachment-thumbnail size-thumbnail\" alt=\"\" \/><\/a>\n\t\t\t<\/dt><\/dl><dl class='gallery-item'>\n\t\t\t<dt class='gallery-icon landscape'>\n\t\t\t\t<a href='https:\/\/www.feuerwehr-florian.com\/wp-content\/uploads\/2017\/11\/DSC_2990.jpg' title=\"\" data-rl_title=\"\" class=\"rl-gallery-link\" data-rl_caption=\"\" data-rel=\"lightbox-gallery-1\"><img loading=\"lazy\" decoding=\"async\" width=\"250\" height=\"250\" src=\"https:\/\/www.feuerwehr-florian.com\/wp-content\/uploads\/2017\/11\/DSC_2990-250x250.jpg\" class=\"attachment-thumbnail size-thumbnail\" alt=\"\" \/><\/a>\n\t\t\t<\/dt><\/dl><br style=\"clear: both\" \/><dl class='gallery-item'>\n\t\t\t<dt class='gallery-icon landscape'>\n\t\t\t\t<a href='https:\/\/www.feuerwehr-florian.com\/wp-content\/uploads\/2017\/11\/foke_20171115_153926.jpg' title=\"\" data-rl_title=\"\" class=\"rl-gallery-link\" data-rl_caption=\"\" data-rel=\"lightbox-gallery-1\"><img loading=\"lazy\" decoding=\"async\" width=\"250\" height=\"250\" src=\"https:\/\/www.feuerwehr-florian.com\/wp-content\/uploads\/2017\/11\/foke_20171115_153926-250x250.jpg\" class=\"attachment-thumbnail size-thumbnail\" alt=\"\" \/><\/a>\n\t\t\t<\/dt><\/dl><dl class='gallery-item'>\n\t\t\t<dt class='gallery-icon portrait'>\n\t\t\t\t<a href='https:\/\/www.feuerwehr-florian.com\/wp-content\/uploads\/2017\/11\/foke_20171115_155005.jpg' title=\"\" data-rl_title=\"\" class=\"rl-gallery-link\" data-rl_caption=\"\" data-rel=\"lightbox-gallery-1\"><img loading=\"lazy\" decoding=\"async\" width=\"250\" height=\"250\" src=\"https:\/\/www.feuerwehr-florian.com\/wp-content\/uploads\/2017\/11\/foke_20171115_155005-250x250.jpg\" class=\"attachment-thumbnail size-thumbnail\" alt=\"\" \/><\/a>\n\t\t\t<\/dt><\/dl><dl class='gallery-item'>\n\t\t\t<dt class='gallery-icon landscape'>\n\t\t\t\t<a href='https:\/\/www.feuerwehr-florian.com\/wp-content\/uploads\/2017\/11\/IMG_7680.jpg' title=\"\" data-rl_title=\"\" class=\"rl-gallery-link\" data-rl_caption=\"\" data-rel=\"lightbox-gallery-1\"><img loading=\"lazy\" decoding=\"async\" width=\"250\" height=\"250\" src=\"https:\/\/www.feuerwehr-florian.com\/wp-content\/uploads\/2017\/11\/IMG_7680-250x250.jpg\" class=\"attachment-thumbnail size-thumbnail\" alt=\"\" \/><\/a>\n\t\t\t<\/dt><\/dl><br style=\"clear: both\" \/><dl class='gallery-item'>\n\t\t\t<dt class='gallery-icon landscape'>\n\t\t\t\t<a href='https:\/\/www.feuerwehr-florian.com\/wp-content\/uploads\/2017\/11\/IMG_7681.jpg' title=\"\" data-rl_title=\"\" class=\"rl-gallery-link\" data-rl_caption=\"\" data-rel=\"lightbox-gallery-1\"><img loading=\"lazy\" decoding=\"async\" width=\"250\" height=\"250\" src=\"https:\/\/www.feuerwehr-florian.com\/wp-content\/uploads\/2017\/11\/IMG_7681-250x250.jpg\" class=\"attachment-thumbnail size-thumbnail\" alt=\"\" \/><\/a>\n\t\t\t<\/dt><\/dl>\n\t\t\t<br style='clear: both' \/>\n\t\t<\/div>\n\n","protected":false},"excerpt":{"rendered":"<p>Am Nachmittag des 15. November 2017 wurden die Feuerwehren des Pflichtbereichs St. Florian zu einem Wohnhausbrand nach Taunleiten alarmiert. Bereits bei der Anfahrt war die Rauchentwicklung vom Brandobjekt sichtbar.<\/p>\n","protected":false},"author":2,"featured_media":6636,"comment_status":"closed","ping_status":"closed","sticky":false,"template":"","format":"standard","meta":{"_jetpack_memberships_contains_paid_content":false,"footnotes":"","jetpack_publicize_message":"","jetpack_publicize_feature_enabled":true,"jetpack_social_post_already_shared":false,"jetpack_social_options":{"image_generator_settings":{"template":"highway","default_image_id":0,"font":"","enabled":false},"version":2}},"categories":[160,22],"tags":[155,3,29,4,6,64],"class_list":["post-6633","post","type-post","status-publish","format-standard","has-post-thumbnail","hentry","category-160","category-einsaetze","tag-155","tag-brand","tag-brandeinsatz","tag-einsatz","tag-feuer","tag-teleskopmastbuehne"],"jetpack_publicize_connections":[],"jetpack_featured_media_url":"https:\/\/www.feuerwehr-florian.com\/wp-content\/uploads\/2017\/11\/DSC_2990.jpg","jetpack_sharing_enabled":true,"jetpack_likes_enabled":true,"_links":{"self":[{"href":"https:\/\/www.feuerwehr-florian.com\/index.php?rest_route=\/wp\/v2\/posts\/6633","targetHints":{"allow":["GET"]}}],"collection":[{"href":"https:\/\/www.feuerwehr-florian.com\/index.php?rest_route=\/wp\/v2\/posts"}],"about":[{"href":"https:\/\/www.feuerwehr-florian.com\/index.php?rest_route=\/wp\/v2\/types\/post"}],"author":[{"embeddable":true,"href":"https:\/\/www.feuerwehr-florian.com\/index.php?rest_route=\/wp\/v2\/users\/2"}],"replies":[{"embeddable":true,"href":"https:\/\/www.feuerwehr-florian.com\/index.php?rest_route=%2Fwp%2Fv2%2Fcomments&post=6633"}],"version-history":[{"count":4,"href":"https:\/\/www.feuerwehr-florian.com\/index.php?rest_route=\/wp\/v2\/posts\/6633\/revisions"}],"predecessor-version":[{"id":6644,"href":"https:\/\/www.feuerwehr-florian.com\/index.php?rest_route=\/wp\/v2\/posts\/6633\/revisions\/6644"}],"wp:featuredmedia":[{"embeddable":true,"href":"https:\/\/www.feuerwehr-florian.com\/index.php?rest_route=\/wp\/v2\/media\/6636"}],"wp:attachment":[{"href":"https:\/\/www.feuerwehr-florian.com\/index.php?rest_route=%2Fwp%2Fv2%2Fmedia&parent=6633"}],"wp:term":[{"taxonomy":"category","embeddable":true,"href":"https:\/\/www.feuerwehr-florian.com\/index.php?rest_route=%2Fwp%2Fv2%2Fcategories&post=6633"},{"taxonomy":"post_tag","embeddable":true,"href":"https:\/\/www.feuerwehr-florian.com\/index.php?rest_route=%2Fwp%2Fv2%2Ftags&post=6633"}],"curies":[{"name":"wp","href":"https:\/\/api.w.org\/{rel}","templated":true}]}}