{"id":7160,"date":"2018-06-20T20:24:00","date_gmt":"2018-06-20T18:24:00","guid":{"rendered":"http:\/\/www.feuerwehr-florian.com\/?p=7160"},"modified":"2018-06-20T21:06:04","modified_gmt":"2018-06-20T19:06:04","slug":"brand-einer-strohballenpresse-in-oberweidlham","status":"publish","type":"post","link":"https:\/\/www.feuerwehr-florian.com\/?p=7160","title":{"rendered":"Brand einer Strohballenpresse in Oberweidlham"},"content":{"rendered":"<p>Am Nachmittag des 20. Juni 2018 wurden die Feuerwehren St. Florian, Bruck-Hausleiten und Asten zu einem Brand einer Strohballenpresse nach Oberweidlham alarmiert.<\/p>\n<p><!--more--><\/p>\n<p>Bei einer Strohballenpresse war aus unbekannter Ursache ein Glimmbrand ausgebrochen. Der Landwirt reagierte v\u00f6llig richtig und verst\u00e4ndigte unverz\u00fcglich die Einsatzkr\u00e4fte bevor er mit Feuerl\u00f6scher den Entstehungsbrand bek\u00e4mpfte. Auf Grund des Umstandes, dass das Tankl\u00f6schfahrzeug der Feuerwehr Markt Sankt Florian nicht einsatzbereit (Wartungsarbeiten beim Fahrzeughersteller) war, wurde die Feuerwehr Asten mit alarmiert. Der Brand konnte rasch abgel\u00f6scht werden. Nachdem die Strohpresse ausger\u00e4umt und die restlichen Glutnester gel\u00f6scht waren, konnten die Einsatzkr\u00e4fte nach ca. eineinhalb Stunden einr\u00fccken.<\/p>\n<p>Fotos: (c) <a href=\"http:\/\/www.fotokerschi.at\/blog\/brand-einer-strohpresse-in-sankt-florian\/\">fotokerschi.at<\/a><\/p>\n\n\t\t<style type=\"text\/css\">\n\t\t\t#gallery-1 {\n\t\t\t\tmargin: auto;\n\t\t\t}\n\t\t\t#gallery-1 .gallery-item {\n\t\t\t\tfloat: left;\n\t\t\t\tmargin-top: 10px;\n\t\t\t\ttext-align: center;\n\t\t\t\twidth: 33%;\n\t\t\t}\n\t\t\t#gallery-1 img {\n\t\t\t\tborder: 2px solid #cfcfcf;\n\t\t\t}\n\t\t\t#gallery-1 .gallery-caption {\n\t\t\t\tmargin-left: 0;\n\t\t\t}\n\t\t\t\/* see gallery_shortcode() in wp-includes\/media.php *\/\n\t\t<\/style>\n\t\t<div id='gallery-1' class='gallery galleryid-7160 gallery-columns-3 gallery-size-thumbnail'><dl class='gallery-item'>\n\t\t\t<dt class='gallery-icon landscape'>\n\t\t\t\t<a href='https:\/\/www.feuerwehr-florian.com\/wp-content\/uploads\/2018\/06\/A81DC26E-5440-417A-8BB1-8C679AB603D1.jpeg' title=\"\" data-rl_title=\"\" class=\"rl-gallery-link\" data-rl_caption=\"\" data-rel=\"lightbox-gallery-1\"><img loading=\"lazy\" decoding=\"async\" width=\"250\" height=\"250\" src=\"https:\/\/www.feuerwehr-florian.com\/wp-content\/uploads\/2018\/06\/A81DC26E-5440-417A-8BB1-8C679AB603D1-250x250.jpeg\" class=\"attachment-thumbnail size-thumbnail\" alt=\"\" \/><\/a>\n\t\t\t<\/dt><\/dl><dl class='gallery-item'>\n\t\t\t<dt class='gallery-icon portrait'>\n\t\t\t\t<a href='https:\/\/www.feuerwehr-florian.com\/wp-content\/uploads\/2018\/06\/0FFBD0B8-3662-486A-B39E-1DE3F2C73C2E.jpeg' title=\"\" data-rl_title=\"\" class=\"rl-gallery-link\" data-rl_caption=\"\" data-rel=\"lightbox-gallery-1\"><img loading=\"lazy\" decoding=\"async\" width=\"250\" height=\"250\" src=\"https:\/\/www.feuerwehr-florian.com\/wp-content\/uploads\/2018\/06\/0FFBD0B8-3662-486A-B39E-1DE3F2C73C2E-250x250.jpeg\" class=\"attachment-thumbnail size-thumbnail\" alt=\"\" \/><\/a>\n\t\t\t<\/dt><\/dl><dl class='gallery-item'>\n\t\t\t<dt class='gallery-icon landscape'>\n\t\t\t\t<a href='https:\/\/www.feuerwehr-florian.com\/wp-content\/uploads\/2018\/06\/28CFA9D2-DA12-4231-B033-CF80A77EE3AE.jpeg' title=\"\" data-rl_title=\"\" class=\"rl-gallery-link\" data-rl_caption=\"\" data-rel=\"lightbox-gallery-1\"><img loading=\"lazy\" decoding=\"async\" width=\"250\" height=\"250\" src=\"https:\/\/www.feuerwehr-florian.com\/wp-content\/uploads\/2018\/06\/28CFA9D2-DA12-4231-B033-CF80A77EE3AE-250x250.jpeg\" class=\"attachment-thumbnail size-thumbnail\" alt=\"\" \/><\/a>\n\t\t\t<\/dt><\/dl><br style=\"clear: both\" \/>\n\t\t<\/div>\n\n","protected":false},"excerpt":{"rendered":"<p>Am Nachmittag des 20. Juni 2018 wurden die Feuerwehren St. Florian, Bruck-Hausleiten und Asten zu einem Brand einer Strohballenpresse nach Oberweidlham alarmiert.<\/p>\n","protected":false},"author":2,"featured_media":7162,"comment_status":"closed","ping_status":"closed","sticky":false,"template":"","format":"standard","meta":{"_jetpack_memberships_contains_paid_content":false,"footnotes":"","jetpack_publicize_message":"","jetpack_publicize_feature_enabled":true,"jetpack_social_post_already_shared":false,"jetpack_social_options":{"image_generator_settings":{"template":"highway","default_image_id":0,"font":"","enabled":false},"version":2}},"categories":[175,22],"tags":[176,3,29,4,53,6,19],"class_list":["post-7160","post","type-post","status-publish","format-standard","has-post-thumbnail","hentry","category-175","category-einsaetze","tag-176","tag-brand","tag-brandeinsatz","tag-einsatz","tag-fahrzeugbrand","tag-feuer","tag-kfz"],"jetpack_publicize_connections":[],"jetpack_featured_media_url":"https:\/\/www.feuerwehr-florian.com\/wp-content\/uploads\/2018\/06\/0FFBD0B8-3662-486A-B39E-1DE3F2C73C2E.jpeg","jetpack_sharing_enabled":true,"jetpack_likes_enabled":true,"_links":{"self":[{"href":"https:\/\/www.feuerwehr-florian.com\/index.php?rest_route=\/wp\/v2\/posts\/7160","targetHints":{"allow":["GET"]}}],"collection":[{"href":"https:\/\/www.feuerwehr-florian.com\/index.php?rest_route=\/wp\/v2\/posts"}],"about":[{"href":"https:\/\/www.feuerwehr-florian.com\/index.php?rest_route=\/wp\/v2\/types\/post"}],"author":[{"embeddable":true,"href":"https:\/\/www.feuerwehr-florian.com\/index.php?rest_route=\/wp\/v2\/users\/2"}],"replies":[{"embeddable":true,"href":"https:\/\/www.feuerwehr-florian.com\/index.php?rest_route=%2Fwp%2Fv2%2Fcomments&post=7160"}],"version-history":[{"count":4,"href":"https:\/\/www.feuerwehr-florian.com\/index.php?rest_route=\/wp\/v2\/posts\/7160\/revisions"}],"predecessor-version":[{"id":7168,"href":"https:\/\/www.feuerwehr-florian.com\/index.php?rest_route=\/wp\/v2\/posts\/7160\/revisions\/7168"}],"wp:featuredmedia":[{"embeddable":true,"href":"https:\/\/www.feuerwehr-florian.com\/index.php?rest_route=\/wp\/v2\/media\/7162"}],"wp:attachment":[{"href":"https:\/\/www.feuerwehr-florian.com\/index.php?rest_route=%2Fwp%2Fv2%2Fmedia&parent=7160"}],"wp:term":[{"taxonomy":"category","embeddable":true,"href":"https:\/\/www.feuerwehr-florian.com\/index.php?rest_route=%2Fwp%2Fv2%2Fcategories&post=7160"},{"taxonomy":"post_tag","embeddable":true,"href":"https:\/\/www.feuerwehr-florian.com\/index.php?rest_route=%2Fwp%2Fv2%2Ftags&post=7160"}],"curies":[{"name":"wp","href":"https:\/\/api.w.org\/{rel}","templated":true}]}}