{"id":7273,"date":"2018-08-02T12:38:25","date_gmt":"2018-08-02T10:38:25","guid":{"rendered":"https:\/\/www.feuerwehr-florian.com\/?p=7273"},"modified":"2018-08-02T12:38:25","modified_gmt":"2018-08-02T10:38:25","slug":"eine-nacht-bei-der-feuerwehr-st-florian","status":"publish","type":"post","link":"https:\/\/www.feuerwehr-florian.com\/?p=7273","title":{"rendered":"Eine Nacht bei der Feuerwehr St. Florian"},"content":{"rendered":"<p style=\"background: white; margin: 7.5pt 0cm 7.5pt 0cm;\"><span style=\"font-size: 10.0pt; font-family: 'Arial',sans-serif; color: #333333;\">Fast 24 Stunden Feuerwehr konnten unsere kleinen Florianer auch bei der heurigen Ferienpassaktion der Feuerwehr erleben.<\/span><\/p>\n<p><!--more--><\/p>\n<p style=\"background: white; box-sizing: border-box; margin: 7.5pt 0cm 7.5pt 0cm;\"><span style=\"font-size: 10.0pt; font-family: 'Arial',sans-serif; color: #333333;\">Fasziniert und begeistert waren die neun Burschen und M\u00e4dchen zwischen 8 und 12 Jahren, als sie die M\u00f6glichkeit hatten mit der Jugendfeuerwehr eine Nacht bei der Feuerwehr zu verbringen. Der kurze Aufenthalt startete am Freitag mit einem Gel\u00e4ndespiel bei dem nat\u00fcrlich auch einige Geschicklichkeits\u00fcbungen zu absolvieren waren. Nach einer St\u00e4rkung beim Lagerfeuer mit Knacker und Gulasch wurde dann in den R\u00e4umlichkeiten des Feuerwehrhauses \u00fcbernachtet. Am n\u00e4chsten Morgen stand nach einem ausgiebigen Fr\u00fchst\u00fcck eine Lagerolympiade sowie das Spritzen mit dem Strahlrohr am Programm. Danach wurde noch eine Runde mit dem Feuerwehrfahrzeug gedreht, bevor die Kinder todm\u00fcde aber \u00fcbergl\u00fccklich wieder von ihren Eltern abgeholt werden konnten.<\/span><\/p>\n<p style=\"background: white; box-sizing: border-box; margin: 7.5pt 0cm 7.5pt 0cm;\"><span style=\"font-size: 10.0pt; font-family: 'Arial',sans-serif; color: #333333;\">Wir freuen uns, dass wir soviele M\u00e4dchen und Burschen bei unserer Ferienpassaktion begr\u00fc\u00dfen konnten und dass auch unsere eigenen Feuerwehrmitglieder mit ihrem Engagement gro\u00dfes Interesse an den \u201akleinen Florianij\u00fcngern\u2018 zeigten.<\/span><\/p>\n\n\t\t<style type=\"text\/css\">\n\t\t\t#gallery-1 {\n\t\t\t\tmargin: auto;\n\t\t\t}\n\t\t\t#gallery-1 .gallery-item {\n\t\t\t\tfloat: left;\n\t\t\t\tmargin-top: 10px;\n\t\t\t\ttext-align: center;\n\t\t\t\twidth: 33%;\n\t\t\t}\n\t\t\t#gallery-1 img {\n\t\t\t\tborder: 2px solid #cfcfcf;\n\t\t\t}\n\t\t\t#gallery-1 .gallery-caption {\n\t\t\t\tmargin-left: 0;\n\t\t\t}\n\t\t\t\/* see gallery_shortcode() in wp-includes\/media.php *\/\n\t\t<\/style>\n\t\t<div id='gallery-1' class='gallery galleryid-7273 gallery-columns-3 gallery-size-thumbnail'><dl class='gallery-item'>\n\t\t\t<dt class='gallery-icon landscape'>\n\t\t\t\t<a href='https:\/\/www.feuerwehr-florian.com\/wp-content\/uploads\/2018\/08\/IMG_1294.jpg' title=\"\" data-rl_title=\"\" class=\"rl-gallery-link\" data-rl_caption=\"\" data-rel=\"lightbox-gallery-1\"><img loading=\"lazy\" decoding=\"async\" width=\"250\" height=\"250\" src=\"https:\/\/www.feuerwehr-florian.com\/wp-content\/uploads\/2018\/08\/IMG_1294-250x250.jpg\" class=\"attachment-thumbnail size-thumbnail\" alt=\"\" \/><\/a>\n\t\t\t<\/dt><\/dl><dl class='gallery-item'>\n\t\t\t<dt class='gallery-icon landscape'>\n\t\t\t\t<a href='https:\/\/www.feuerwehr-florian.com\/wp-content\/uploads\/2018\/08\/IMG_1288.jpg' title=\"\" data-rl_title=\"\" class=\"rl-gallery-link\" data-rl_caption=\"\" data-rel=\"lightbox-gallery-1\"><img loading=\"lazy\" decoding=\"async\" width=\"250\" height=\"250\" src=\"https:\/\/www.feuerwehr-florian.com\/wp-content\/uploads\/2018\/08\/IMG_1288-250x250.jpg\" class=\"attachment-thumbnail size-thumbnail\" alt=\"\" \/><\/a>\n\t\t\t<\/dt><\/dl><dl class='gallery-item'>\n\t\t\t<dt class='gallery-icon landscape'>\n\t\t\t\t<a href='https:\/\/www.feuerwehr-florian.com\/wp-content\/uploads\/2018\/08\/IMG_1283.jpg' title=\"\" data-rl_title=\"\" class=\"rl-gallery-link\" data-rl_caption=\"\" data-rel=\"lightbox-gallery-1\"><img loading=\"lazy\" decoding=\"async\" width=\"250\" height=\"250\" src=\"https:\/\/www.feuerwehr-florian.com\/wp-content\/uploads\/2018\/08\/IMG_1283-250x250.jpg\" class=\"attachment-thumbnail size-thumbnail\" alt=\"\" \/><\/a>\n\t\t\t<\/dt><\/dl><br style=\"clear: both\" \/><dl class='gallery-item'>\n\t\t\t<dt class='gallery-icon landscape'>\n\t\t\t\t<a href='https:\/\/www.feuerwehr-florian.com\/wp-content\/uploads\/2018\/08\/b.jpg' title=\"\" data-rl_title=\"\" class=\"rl-gallery-link\" data-rl_caption=\"\" data-rel=\"lightbox-gallery-1\"><img loading=\"lazy\" decoding=\"async\" width=\"250\" height=\"250\" src=\"https:\/\/www.feuerwehr-florian.com\/wp-content\/uploads\/2018\/08\/b-250x250.jpg\" class=\"attachment-thumbnail size-thumbnail\" alt=\"\" \/><\/a>\n\t\t\t<\/dt><\/dl><dl class='gallery-item'>\n\t\t\t<dt class='gallery-icon landscape'>\n\t\t\t\t<a href='https:\/\/www.feuerwehr-florian.com\/wp-content\/uploads\/2018\/08\/a.jpg' title=\"\" data-rl_title=\"\" class=\"rl-gallery-link\" data-rl_caption=\"\" data-rel=\"lightbox-gallery-1\"><img loading=\"lazy\" decoding=\"async\" width=\"250\" height=\"250\" src=\"https:\/\/www.feuerwehr-florian.com\/wp-content\/uploads\/2018\/08\/a-250x250.jpg\" class=\"attachment-thumbnail size-thumbnail\" alt=\"\" \/><\/a>\n\t\t\t<\/dt><\/dl>\n\t\t\t<br style='clear: both' \/>\n\t\t<\/div>\n\n","protected":false},"excerpt":{"rendered":"<p>Fast 24 Stunden Feuerwehr konnten unsere kleinen Florianer auch bei der heurigen Ferienpassaktion der Feuerwehr erleben.<\/p>\n","protected":false},"author":2,"featured_media":7280,"comment_status":"closed","ping_status":"closed","sticky":false,"template":"","format":"standard","meta":{"_jetpack_memberships_contains_paid_content":false,"footnotes":"","jetpack_publicize_message":"","jetpack_publicize_feature_enabled":true,"jetpack_social_post_already_shared":false,"jetpack_social_options":{"image_generator_settings":{"template":"highway","default_image_id":0,"font":"","enabled":false},"version":2}},"categories":[175,76],"tags":[176,78,75],"class_list":["post-7273","post","type-post","status-publish","format-standard","has-post-thumbnail","hentry","category-175","category-jugendfeuerwehr","tag-176","tag-jugend","tag-uebung-ausbildung"],"jetpack_publicize_connections":[],"jetpack_featured_media_url":"https:\/\/www.feuerwehr-florian.com\/wp-content\/uploads\/2018\/08\/IMG_1294.jpg","jetpack_sharing_enabled":true,"jetpack_likes_enabled":true,"_links":{"self":[{"href":"https:\/\/www.feuerwehr-florian.com\/index.php?rest_route=\/wp\/v2\/posts\/7273","targetHints":{"allow":["GET"]}}],"collection":[{"href":"https:\/\/www.feuerwehr-florian.com\/index.php?rest_route=\/wp\/v2\/posts"}],"about":[{"href":"https:\/\/www.feuerwehr-florian.com\/index.php?rest_route=\/wp\/v2\/types\/post"}],"author":[{"embeddable":true,"href":"https:\/\/www.feuerwehr-florian.com\/index.php?rest_route=\/wp\/v2\/users\/2"}],"replies":[{"embeddable":true,"href":"https:\/\/www.feuerwehr-florian.com\/index.php?rest_route=%2Fwp%2Fv2%2Fcomments&post=7273"}],"version-history":[{"count":1,"href":"https:\/\/www.feuerwehr-florian.com\/index.php?rest_route=\/wp\/v2\/posts\/7273\/revisions"}],"predecessor-version":[{"id":7281,"href":"https:\/\/www.feuerwehr-florian.com\/index.php?rest_route=\/wp\/v2\/posts\/7273\/revisions\/7281"}],"wp:featuredmedia":[{"embeddable":true,"href":"https:\/\/www.feuerwehr-florian.com\/index.php?rest_route=\/wp\/v2\/media\/7280"}],"wp:attachment":[{"href":"https:\/\/www.feuerwehr-florian.com\/index.php?rest_route=%2Fwp%2Fv2%2Fmedia&parent=7273"}],"wp:term":[{"taxonomy":"category","embeddable":true,"href":"https:\/\/www.feuerwehr-florian.com\/index.php?rest_route=%2Fwp%2Fv2%2Fcategories&post=7273"},{"taxonomy":"post_tag","embeddable":true,"href":"https:\/\/www.feuerwehr-florian.com\/index.php?rest_route=%2Fwp%2Fv2%2Ftags&post=7273"}],"curies":[{"name":"wp","href":"https:\/\/api.w.org\/{rel}","templated":true}]}}