{"id":735,"date":"2013-04-28T07:00:50","date_gmt":"2013-04-28T05:00:50","guid":{"rendered":"http:\/\/wp.feuerwehr-florian.com\/?p=735"},"modified":"2016-01-02T17:22:00","modified_gmt":"2016-01-02T16:22:00","slug":"sturmschaden-in-fernbach","status":"publish","type":"post","link":"https:\/\/www.feuerwehr-florian.com\/?p=735","title":{"rendered":"Sturmschaden in Fernbach"},"content":{"rendered":"<p>Die FF St. Florian wurde am Sonntag den 28.04.2013 kurz vor Beginn der Florianimesse zu einem Sturmschaden nach Fernbach alarmiert.<\/p>\n<p><!--more--><\/p>\n<p>Vor Ort stellte sich heraus das ein Baum auf dieStra\u00dfe gest\u00fcrzt ist und diese somit versperrte. Mit Hilfe eines ortsans\u00e4ssigen Bauern konnte der Baum rasch entfernt werden und somit die Stra\u00dfe wieder f\u00fcr den Verkehr freigegeben werden. Im Einsatz standen rund 30 Mann der FF St. Florian eine halbe Stunde lang.<\/p>\n","protected":false},"excerpt":{"rendered":"<p>Die FF St. Florian wurde am Sonntag den 28.04.2013 kurz vor Beginn der Florianimesse zu einem Sturmschaden nach Fernbach alarmiert.<\/p>\n","protected":false},"author":2,"featured_media":445,"comment_status":"closed","ping_status":"closed","sticky":false,"template":"","format":"standard","meta":{"_jetpack_memberships_contains_paid_content":false,"footnotes":"","jetpack_publicize_message":"","jetpack_publicize_feature_enabled":true,"jetpack_social_post_already_shared":false,"jetpack_social_options":{"image_generator_settings":{"template":"highway","default_image_id":0,"font":"","enabled":false},"version":2}},"categories":[22],"tags":[66,15,14,8],"class_list":["post-735","post","type-post","status-publish","format-standard","has-post-thumbnail","hentry","category-einsaetze","tag-66","tag-baum-ueber-strasse","tag-sturmschaden","tag-technischer-einsatz"],"jetpack_publicize_connections":[],"jetpack_featured_media_url":"https:\/\/www.feuerwehr-florian.com\/wp-content\/uploads\/2016\/01\/DSC_0083.jpg","jetpack_sharing_enabled":true,"jetpack_likes_enabled":true,"_links":{"self":[{"href":"https:\/\/www.feuerwehr-florian.com\/index.php?rest_route=\/wp\/v2\/posts\/735","targetHints":{"allow":["GET"]}}],"collection":[{"href":"https:\/\/www.feuerwehr-florian.com\/index.php?rest_route=\/wp\/v2\/posts"}],"about":[{"href":"https:\/\/www.feuerwehr-florian.com\/index.php?rest_route=\/wp\/v2\/types\/post"}],"author":[{"embeddable":true,"href":"https:\/\/www.feuerwehr-florian.com\/index.php?rest_route=\/wp\/v2\/users\/2"}],"replies":[{"embeddable":true,"href":"https:\/\/www.feuerwehr-florian.com\/index.php?rest_route=%2Fwp%2Fv2%2Fcomments&post=735"}],"version-history":[{"count":1,"href":"https:\/\/www.feuerwehr-florian.com\/index.php?rest_route=\/wp\/v2\/posts\/735\/revisions"}],"predecessor-version":[{"id":736,"href":"https:\/\/www.feuerwehr-florian.com\/index.php?rest_route=\/wp\/v2\/posts\/735\/revisions\/736"}],"wp:featuredmedia":[{"embeddable":true,"href":"https:\/\/www.feuerwehr-florian.com\/index.php?rest_route=\/wp\/v2\/media\/445"}],"wp:attachment":[{"href":"https:\/\/www.feuerwehr-florian.com\/index.php?rest_route=%2Fwp%2Fv2%2Fmedia&parent=735"}],"wp:term":[{"taxonomy":"category","embeddable":true,"href":"https:\/\/www.feuerwehr-florian.com\/index.php?rest_route=%2Fwp%2Fv2%2Fcategories&post=735"},{"taxonomy":"post_tag","embeddable":true,"href":"https:\/\/www.feuerwehr-florian.com\/index.php?rest_route=%2Fwp%2Fv2%2Ftags&post=735"}],"curies":[{"name":"wp","href":"https:\/\/api.w.org\/{rel}","templated":true}]}}