{"id":7957,"date":"2019-03-12T20:48:19","date_gmt":"2019-03-12T19:48:19","guid":{"rendered":"https:\/\/www.feuerwehr-florian.com\/?p=7957"},"modified":"2019-03-13T20:41:15","modified_gmt":"2019-03-13T19:41:15","slug":"tragehilfe-fuer-das-rote-kreuz","status":"publish","type":"post","link":"https:\/\/www.feuerwehr-florian.com\/?p=7957","title":{"rendered":"Tragehilfe f\u00fcr das Rote Kreuz"},"content":{"rendered":"<p>Im Zuge der w\u00f6chentlichen Dienstags\u00fcbung wurden die Einsatzkr\u00e4fte der FF St. Florian am 12. M\u00e4rz gegen 20:15 Uhr zu einer Tragehilfe f\u00fcr das Rote Kreuz in die Linzer Stra\u00dfe alarmiert. <!--more-->Dort galt es als Unterst\u00fctzung f\u00fcr das Rote Kreuz eine verletzte Person aus dem Kellergeschoss zu tragen. Nach rund 30 Minuten war der Einsatz f\u00fcr die FF St. Florian beendet.<\/p>\n<div id=\"attachment_4854\" style=\"width: 1010px\" class=\"wp-caption alignleft\"><a href=\"https:\/\/www.feuerwehr-florian.com\/wp-content\/uploads\/2016\/01\/Symbolfoto4-1.jpg\" data-rel=\"lightbox-gallery-cuBuiVYm\" data-rl_title=\"\" data-rl_caption=\"\" title=\"\"><img loading=\"lazy\" decoding=\"async\" aria-describedby=\"caption-attachment-4854\" class=\"size-medium wp-image-4854\" src=\"https:\/\/www.feuerwehr-florian.com\/wp-content\/uploads\/2016\/01\/Symbolfoto4-1-1000x666.jpg\" alt=\"Symbolfoto\" width=\"1000\" height=\"666\" srcset=\"https:\/\/www.feuerwehr-florian.com\/wp-content\/uploads\/2016\/01\/Symbolfoto4-1-1000x666.jpg 1000w, https:\/\/www.feuerwehr-florian.com\/wp-content\/uploads\/2016\/01\/Symbolfoto4-1-300x200.jpg 300w, https:\/\/www.feuerwehr-florian.com\/wp-content\/uploads\/2016\/01\/Symbolfoto4-1-450x300.jpg 450w, https:\/\/www.feuerwehr-florian.com\/wp-content\/uploads\/2016\/01\/Symbolfoto4-1.jpg 1024w\" sizes=\"auto, (max-width: 1000px) 100vw, 1000px\" \/><\/a><p id=\"caption-attachment-4854\" class=\"wp-caption-text\">Symbolfoto<\/p><\/div>\n","protected":false},"excerpt":{"rendered":"<p>Im Zuge der w\u00f6chentlichen Dienstags\u00fcbung wurden die Einsatzkr\u00e4fte der FF St. Florian am 12. M\u00e4rz gegen 20:15 Uhr zu einer Tragehilfe f\u00fcr das Rote Kreuz in die Linzer Stra\u00dfe alarmiert.<\/p>\n","protected":false},"author":2,"featured_media":4854,"comment_status":"closed","ping_status":"open","sticky":false,"template":"","format":"standard","meta":{"_jetpack_memberships_contains_paid_content":false,"footnotes":"","jetpack_publicize_message":"","jetpack_publicize_feature_enabled":true,"jetpack_social_post_already_shared":false,"jetpack_social_options":{"image_generator_settings":{"template":"highway","default_image_id":0,"font":"","enabled":false},"version":2}},"categories":[183,22],"tags":[184,4,8,100],"class_list":["post-7957","post","type-post","status-publish","format-standard","has-post-thumbnail","hentry","category-183","category-einsaetze","tag-184","tag-einsatz","tag-technischer-einsatz","tag-verletzt"],"jetpack_publicize_connections":[],"jetpack_featured_media_url":"https:\/\/www.feuerwehr-florian.com\/wp-content\/uploads\/2016\/01\/Symbolfoto4-1.jpg","jetpack_sharing_enabled":true,"jetpack_likes_enabled":true,"_links":{"self":[{"href":"https:\/\/www.feuerwehr-florian.com\/index.php?rest_route=\/wp\/v2\/posts\/7957","targetHints":{"allow":["GET"]}}],"collection":[{"href":"https:\/\/www.feuerwehr-florian.com\/index.php?rest_route=\/wp\/v2\/posts"}],"about":[{"href":"https:\/\/www.feuerwehr-florian.com\/index.php?rest_route=\/wp\/v2\/types\/post"}],"author":[{"embeddable":true,"href":"https:\/\/www.feuerwehr-florian.com\/index.php?rest_route=\/wp\/v2\/users\/2"}],"replies":[{"embeddable":true,"href":"https:\/\/www.feuerwehr-florian.com\/index.php?rest_route=%2Fwp%2Fv2%2Fcomments&post=7957"}],"version-history":[{"count":4,"href":"https:\/\/www.feuerwehr-florian.com\/index.php?rest_route=\/wp\/v2\/posts\/7957\/revisions"}],"predecessor-version":[{"id":7963,"href":"https:\/\/www.feuerwehr-florian.com\/index.php?rest_route=\/wp\/v2\/posts\/7957\/revisions\/7963"}],"wp:featuredmedia":[{"embeddable":true,"href":"https:\/\/www.feuerwehr-florian.com\/index.php?rest_route=\/wp\/v2\/media\/4854"}],"wp:attachment":[{"href":"https:\/\/www.feuerwehr-florian.com\/index.php?rest_route=%2Fwp%2Fv2%2Fmedia&parent=7957"}],"wp:term":[{"taxonomy":"category","embeddable":true,"href":"https:\/\/www.feuerwehr-florian.com\/index.php?rest_route=%2Fwp%2Fv2%2Fcategories&post=7957"},{"taxonomy":"post_tag","embeddable":true,"href":"https:\/\/www.feuerwehr-florian.com\/index.php?rest_route=%2Fwp%2Fv2%2Ftags&post=7957"}],"curies":[{"name":"wp","href":"https:\/\/api.w.org\/{rel}","templated":true}]}}