{"id":8563,"date":"2020-02-02T19:40:19","date_gmt":"2020-02-02T18:40:19","guid":{"rendered":"https:\/\/www.feuerwehr-florian.com\/?p=8563"},"modified":"2024-11-26T23:21:12","modified_gmt":"2024-11-26T22:21:12","slug":"148-jahresvollversammlung-der-ff-st-florian","status":"publish","type":"post","link":"https:\/\/www.feuerwehr-florian.com\/?p=8563","title":{"rendered":"148. Jahresvollversammlung der FF St. Florian"},"content":{"rendered":"<p>Am Samstag den 1. Februar 2020 fand im Gasthaus Wimhofer die allj\u00e4hrliche Jahreshauptversammlung statt.<\/p>\n<p><!--more--><\/p>\n<p>Kommandant ABI Ronald Winkler konnte dabei zahlreiche Ehreng\u00e4ste begr\u00fc\u00dfen:<\/p>\n<ul>\n<li>B\u00fcrgermeister <strong>Robert Zeitlinger<\/strong><\/li>\n<li>Vizeb\u00fcrgermeister <strong>Joschi Auer<\/strong><\/li>\n<li>Vizeb\u00fcrgermeister <strong>Bernd Sch\u00fctzeneder<br \/>\n<\/strong><\/li>\n<li>Vertreter der Gr\u00fcnen <strong>Gabriela Sch\u00f6nberger<\/strong><\/li>\n<li>Bezirksfeuerwehrkommandanten <strong>Oberbrandrat Helmut F\u00f6dermayer<br \/>\n<\/strong><\/li>\n<li>Bezirksfeuerwehrkurat Generalabt <strong>Johann Holzinger<\/strong><\/li>\n<li>2. Branddirektor der BF Linz <strong>Brandrat DI Stefan Leeb<\/strong><\/li>\n<li>Kommandant der FF Bruck \/ Hausleiten <strong>HBI Ing. Harald Taferner<\/strong><\/li>\n<li>Kommandant Stellvertreter der FF Rohrbach<strong> OBI Patrick Winkler<\/strong><\/li>\n<li>Ehrenkommandant der FF Markt St. Florian<strong> E-HBI Karl Pree<\/strong><\/li>\n<li>Ehrenmitglieder der FF Markt St. Florian<strong> KommR Alfons Forster<\/strong><\/li>\n<li>Vertreter des Roten Kreuzes St. Florian<strong> Markus Diesenreiter<\/strong><\/li>\n<li>Vertreter der Polizei St. Florian Kontrollinspektor <strong>Helmut Ramsauer<\/strong><\/li>\n<\/ul>\n<p>Von der FF St. Florian wurden im Jahr 2019 insgesamt <strong>22 Brandeins\u00e4tze<\/strong> und <strong>64 technische Eins\u00e4tze<\/strong> geleistet. Daf\u00fcr wurden von <strong>937 Mann<\/strong> insgesamt <strong>1.107 Einsatzstunden<\/strong> aufgewendet.<\/p>\n\n\t\t<style type=\"text\/css\">\n\t\t\t#gallery-1 {\n\t\t\t\tmargin: auto;\n\t\t\t}\n\t\t\t#gallery-1 .gallery-item {\n\t\t\t\tfloat: left;\n\t\t\t\tmargin-top: 10px;\n\t\t\t\ttext-align: center;\n\t\t\t\twidth: 50%;\n\t\t\t}\n\t\t\t#gallery-1 img {\n\t\t\t\tborder: 2px solid #cfcfcf;\n\t\t\t}\n\t\t\t#gallery-1 .gallery-caption {\n\t\t\t\tmargin-left: 0;\n\t\t\t}\n\t\t\t\/* see gallery_shortcode() in wp-includes\/media.php *\/\n\t\t<\/style>\n\t\t<div id='gallery-1' class='gallery galleryid-8563 gallery-columns-2 gallery-size-thumbnail'><dl class='gallery-item'>\n\t\t\t<dt class='gallery-icon landscape'>\n\t\t\t\t<a href='https:\/\/www.feuerwehr-florian.com\/wp-content\/uploads\/2020\/02\/eins\u00e4tze.jpg' title=\"\" data-rl_title=\"\" class=\"rl-gallery-link\" data-rl_caption=\"\" data-rel=\"lightbox-gallery-1\"><img loading=\"lazy\" decoding=\"async\" width=\"250\" height=\"250\" src=\"https:\/\/www.feuerwehr-florian.com\/wp-content\/uploads\/2020\/02\/eins\u00e4tze-250x250.jpg\" class=\"attachment-thumbnail size-thumbnail\" alt=\"\" \/><\/a>\n\t\t\t<\/dt><\/dl><dl class='gallery-item'>\n\t\t\t<dt class='gallery-icon landscape'>\n\t\t\t\t<a href='https:\/\/www.feuerwehr-florian.com\/wp-content\/uploads\/2020\/02\/stunden.jpg' title=\"\" data-rl_title=\"\" class=\"rl-gallery-link\" data-rl_caption=\"\" data-rel=\"lightbox-gallery-1\"><img loading=\"lazy\" decoding=\"async\" width=\"250\" height=\"250\" src=\"https:\/\/www.feuerwehr-florian.com\/wp-content\/uploads\/2020\/02\/stunden-250x250.jpg\" class=\"attachment-thumbnail size-thumbnail\" alt=\"\" \/><\/a>\n\t\t\t<\/dt><\/dl><br style=\"clear: both\" \/>\n\t\t<\/div>\n\n<p>F\u00fcr<strong> \u00dcbungen, Bewerbsvorbereitungen,<\/strong> <strong>Jugendarbeit, Schulungen und sonstigen Ausbildungst\u00e4tigkeiten<\/strong> wurden <strong>5.940 Stunden<\/strong> aufgewendet. Insgesamt wurde neben der Einsatz- und \u00dcbungst\u00e4tigkeit f\u00fcr Arbeiten im Feuerwehrhaus, Organisation von Veranstaltungen, diversen Ausr\u00fcckungen, B\u00fcroarbeiten, Besprechungen und Tagungen nochmals <strong>6.481 Stunden<\/strong> aufgewendet.<\/p>\n<p>Unsere Kameraden opferten wertvolle Urlaubstage und besuchten <strong>48 Lehrg\u00e4nge<\/strong> und Kurse zur Weiterbildung. <strong>27 Leistungsabzeichen<\/strong> legten unsere Feuerwehrmitglieder ab.<\/p>\n<p><strong>Bei den Aktiven und bei den Reservisten wurden folgende Mitglieder ausgezeichnet:<\/strong><\/p>\n<ul>\n<li><strong>E-BI Karl Marchner<\/strong> und<strong> E-OBI Georg Windtner sen.<\/strong> mit der <strong>60-J\u00e4hrigen Ehrenurkunde<\/strong><\/li>\n<li>BM <strong>Karl Bayer<\/strong> wurde die <strong>40 j\u00e4hrige Feuerwehrverdienstmedaille<\/strong> \u00fcberreicht<\/li>\n<\/ul>\n\n\t\t<style type=\"text\/css\">\n\t\t\t#gallery-2 {\n\t\t\t\tmargin: auto;\n\t\t\t}\n\t\t\t#gallery-2 .gallery-item {\n\t\t\t\tfloat: left;\n\t\t\t\tmargin-top: 10px;\n\t\t\t\ttext-align: center;\n\t\t\t\twidth: 50%;\n\t\t\t}\n\t\t\t#gallery-2 img {\n\t\t\t\tborder: 2px solid #cfcfcf;\n\t\t\t}\n\t\t\t#gallery-2 .gallery-caption {\n\t\t\t\tmargin-left: 0;\n\t\t\t}\n\t\t\t\/* see gallery_shortcode() in wp-includes\/media.php *\/\n\t\t<\/style>\n\t\t<div id='gallery-2' class='gallery galleryid-8563 gallery-columns-2 gallery-size-thumbnail'><dl class='gallery-item'>\n\t\t\t<dt class='gallery-icon landscape'>\n\t\t\t\t<a href='https:\/\/www.feuerwehr-florian.com\/wp-content\/uploads\/2020\/02\/IMG_20200201_201423.jpg' title=\"\" data-rl_title=\"\" class=\"rl-gallery-link\" data-rl_caption=\"\" data-rel=\"lightbox-gallery-2\"><img loading=\"lazy\" decoding=\"async\" width=\"250\" height=\"250\" src=\"https:\/\/www.feuerwehr-florian.com\/wp-content\/uploads\/2020\/02\/IMG_20200201_201423-250x250.jpg\" class=\"attachment-thumbnail size-thumbnail\" alt=\"\" \/><\/a>\n\t\t\t<\/dt><\/dl><dl class='gallery-item'>\n\t\t\t<dt class='gallery-icon landscape'>\n\t\t\t\t<a href='https:\/\/www.feuerwehr-florian.com\/wp-content\/uploads\/2020\/02\/IMG_20200201_201601.jpg' title=\"\" data-rl_title=\"\" class=\"rl-gallery-link\" data-rl_caption=\"\" data-rel=\"lightbox-gallery-2\"><img loading=\"lazy\" decoding=\"async\" width=\"250\" height=\"250\" src=\"https:\/\/www.feuerwehr-florian.com\/wp-content\/uploads\/2020\/02\/IMG_20200201_201601-250x250.jpg\" class=\"attachment-thumbnail size-thumbnail\" alt=\"\" \/><\/a>\n\t\t\t<\/dt><\/dl><br style=\"clear: both\" \/>\n\t\t<\/div>\n\n<p><strong>Bei den Aktiven wurden folgende Mitglieder bef\u00f6rdert:<\/strong><\/p>\n<ul>\n<li>PFM <strong>Florian Hochradner<\/strong> zum Feuerwehrmann<\/li>\n<li>FM <strong>Johannes Stadler<\/strong>, FM <strong>Julius Franzen<\/strong>, FM <strong>Florian Reininger<\/strong> und FM <strong>Christoph Jungmair<\/strong> zum Oberfeuerwehrmann<\/li>\n<li>OFM <strong>Elias Windtner<\/strong> zum Hauptfeuerwehrmann<\/li>\n<li>HFM <strong>Christian H\u00f6gl<\/strong> zum L\u00f6schmeister<\/li>\n<li>LM <strong>Fabian Forster<\/strong>, LM <strong>Jakob K\u00f6hler<\/strong>, LM <strong>Michael Neubauer<\/strong> und LM<strong> Paul Primus<\/strong> zum Oberl\u00f6schmeister<\/li>\n<li>OLM <strong>Dominic Winkler<\/strong> zum Hauptl\u00f6schmeister<\/li>\n<li>BM <strong>Erwin Musel <\/strong>zum Oberbrandmeister<\/li>\n<\/ul>\n\n\t\t<style type=\"text\/css\">\n\t\t\t#gallery-3 {\n\t\t\t\tmargin: auto;\n\t\t\t}\n\t\t\t#gallery-3 .gallery-item {\n\t\t\t\tfloat: left;\n\t\t\t\tmargin-top: 10px;\n\t\t\t\ttext-align: center;\n\t\t\t\twidth: 33%;\n\t\t\t}\n\t\t\t#gallery-3 img {\n\t\t\t\tborder: 2px solid #cfcfcf;\n\t\t\t}\n\t\t\t#gallery-3 .gallery-caption {\n\t\t\t\tmargin-left: 0;\n\t\t\t}\n\t\t\t\/* see gallery_shortcode() in wp-includes\/media.php *\/\n\t\t<\/style>\n\t\t<div id='gallery-3' class='gallery galleryid-8563 gallery-columns-3 gallery-size-thumbnail'><dl class='gallery-item'>\n\t\t\t<dt class='gallery-icon landscape'>\n\t\t\t\t<a href='https:\/\/www.feuerwehr-florian.com\/wp-content\/uploads\/2020\/02\/IMG_20200201_211143.jpg' title=\"\" data-rl_title=\"\" class=\"rl-gallery-link\" data-rl_caption=\"\" data-rel=\"lightbox-gallery-3\"><img loading=\"lazy\" decoding=\"async\" width=\"250\" height=\"250\" src=\"https:\/\/www.feuerwehr-florian.com\/wp-content\/uploads\/2020\/02\/IMG_20200201_211143-250x250.jpg\" class=\"attachment-thumbnail size-thumbnail\" alt=\"\" \/><\/a>\n\t\t\t<\/dt><\/dl><dl class='gallery-item'>\n\t\t\t<dt class='gallery-icon landscape'>\n\t\t\t\t<a href='https:\/\/www.feuerwehr-florian.com\/wp-content\/uploads\/2020\/02\/IMG_20200201_205102.jpg' title=\"\" data-rl_title=\"\" class=\"rl-gallery-link\" data-rl_caption=\"\" data-rel=\"lightbox-gallery-3\"><img loading=\"lazy\" decoding=\"async\" width=\"250\" height=\"250\" src=\"https:\/\/www.feuerwehr-florian.com\/wp-content\/uploads\/2020\/02\/IMG_20200201_205102-250x250.jpg\" class=\"attachment-thumbnail size-thumbnail\" alt=\"\" \/><\/a>\n\t\t\t<\/dt><\/dl><dl class='gallery-item'>\n\t\t\t<dt class='gallery-icon landscape'>\n\t\t\t\t<a href='https:\/\/www.feuerwehr-florian.com\/wp-content\/uploads\/2020\/02\/IMG_20200201_204655.jpg' title=\"\" data-rl_title=\"\" class=\"rl-gallery-link\" data-rl_caption=\"\" data-rel=\"lightbox-gallery-3\"><img loading=\"lazy\" decoding=\"async\" width=\"250\" height=\"250\" src=\"https:\/\/www.feuerwehr-florian.com\/wp-content\/uploads\/2020\/02\/IMG_20200201_204655-250x250.jpg\" class=\"attachment-thumbnail size-thumbnail\" alt=\"\" \/><\/a>\n\t\t\t<\/dt><\/dl><br style=\"clear: both\" \/><dl class='gallery-item'>\n\t\t\t<dt class='gallery-icon landscape'>\n\t\t\t\t<a href='https:\/\/www.feuerwehr-florian.com\/wp-content\/uploads\/2020\/02\/IMG_20200201_203112.jpg' title=\"\" data-rl_title=\"\" class=\"rl-gallery-link\" data-rl_caption=\"\" data-rel=\"lightbox-gallery-3\"><img loading=\"lazy\" decoding=\"async\" width=\"250\" height=\"250\" src=\"https:\/\/www.feuerwehr-florian.com\/wp-content\/uploads\/2020\/02\/IMG_20200201_203112-250x250.jpg\" class=\"attachment-thumbnail size-thumbnail\" alt=\"\" \/><\/a>\n\t\t\t<\/dt><\/dl><dl class='gallery-item'>\n\t\t\t<dt class='gallery-icon landscape'>\n\t\t\t\t<a href='https:\/\/www.feuerwehr-florian.com\/wp-content\/uploads\/2020\/02\/IMG_20200201_202937.jpg' title=\"\" data-rl_title=\"\" class=\"rl-gallery-link\" data-rl_caption=\"\" data-rel=\"lightbox-gallery-3\"><img loading=\"lazy\" decoding=\"async\" width=\"250\" height=\"250\" src=\"https:\/\/www.feuerwehr-florian.com\/wp-content\/uploads\/2020\/02\/IMG_20200201_202937-250x250.jpg\" class=\"attachment-thumbnail size-thumbnail\" alt=\"\" \/><\/a>\n\t\t\t<\/dt><\/dl><dl class='gallery-item'>\n\t\t\t<dt class='gallery-icon landscape'>\n\t\t\t\t<a href='https:\/\/www.feuerwehr-florian.com\/wp-content\/uploads\/2020\/02\/IMG_20200201_202820.jpg' title=\"\" data-rl_title=\"\" class=\"rl-gallery-link\" data-rl_caption=\"\" data-rel=\"lightbox-gallery-3\"><img loading=\"lazy\" decoding=\"async\" width=\"250\" height=\"250\" src=\"https:\/\/www.feuerwehr-florian.com\/wp-content\/uploads\/2020\/02\/IMG_20200201_202820-250x250.jpg\" class=\"attachment-thumbnail size-thumbnail\" alt=\"\" \/><\/a>\n\t\t\t<\/dt><\/dl><br style=\"clear: both\" \/>\n\t\t<\/div>\n\n<p><strong>Jugendfeuerwehr:<\/strong><\/p>\n<p>Zurzeit sind <strong>16 Jugendfeuerwehrmitglieder<\/strong> bei der Marktfeuerwehr aktiv.<\/p>\n<p><strong>Veranstaltungen im Jahr 2018:<\/strong><\/p>\n<ul>\n<li>Friedenslichtaktion des Bezirkes in der Stiftsbasilika<\/li>\n<li>Wissenstest in Ansfelden<\/li>\n<li>Mithilfe bei der Landschaftss\u00e4uberungsaktion<\/li>\n<li>Staffellauftraining in Neuhofen<\/li>\n<li>Bezirksbewerb &amp; Abschnittsbewerbe &amp; Landesbewerb<\/li>\n<li>Jugendlager in H\u00f6rsching<\/li>\n<li>Eine Nacht bei der Feuerwehr<\/li>\n<li>\u00dcbung mit der Aktiven-Gruppe<\/li>\n<li>Aquapulcoausflug<\/li>\n<li>Ablegung der Erprobungen:<\/li>\n<\/ul>\n<p>Vorgestellt wurden: <strong>Tobias H\u00f6ll, Alexander Reininger, David K\u00f6nig, Theo Kapeller, Julia Werner, Amelie Koller, Anna-Sophie Baier<\/strong> und <strong>Nora Grottenthaler<\/strong>.<\/p>\n<p>Die 1. Erprobung legten <strong>Julia Werner, Alexander Reininger, David K\u00f6nig, Theo Kapeller, Nora Grottenthaler, Tobis H\u00f6ll<\/strong> und <strong>Anna-Sophie Baier<\/strong> ab.<\/p>\n<p>Die 2. Eprobung legten ab: <strong>Angelina Poik<\/strong> und <strong>Adrian Wei\u00dfensteiner.<\/strong><\/p>\n<p>Die 4. Erprobung legten <strong>Lena H\u00f6ll<\/strong>, <strong>Niklas Koller<\/strong> und <strong>Felix Gutenthaler<\/strong> ab.<\/p>\n\n\t\t<style type=\"text\/css\">\n\t\t\t#gallery-4 {\n\t\t\t\tmargin: auto;\n\t\t\t}\n\t\t\t#gallery-4 .gallery-item {\n\t\t\t\tfloat: left;\n\t\t\t\tmargin-top: 10px;\n\t\t\t\ttext-align: center;\n\t\t\t\twidth: 33%;\n\t\t\t}\n\t\t\t#gallery-4 img {\n\t\t\t\tborder: 2px solid #cfcfcf;\n\t\t\t}\n\t\t\t#gallery-4 .gallery-caption {\n\t\t\t\tmargin-left: 0;\n\t\t\t}\n\t\t\t\/* see gallery_shortcode() in wp-includes\/media.php *\/\n\t\t<\/style>\n\t\t<div id='gallery-4' class='gallery galleryid-8563 gallery-columns-3 gallery-size-thumbnail'><dl class='gallery-item'>\n\t\t\t<dt class='gallery-icon landscape'>\n\t\t\t\t<a href='https:\/\/www.feuerwehr-florian.com\/wp-content\/uploads\/2020\/02\/IMG_20200201_202548.jpg' title=\"\" data-rl_title=\"\" class=\"rl-gallery-link\" data-rl_caption=\"\" data-rel=\"lightbox-gallery-4\"><img loading=\"lazy\" decoding=\"async\" width=\"250\" height=\"250\" src=\"https:\/\/www.feuerwehr-florian.com\/wp-content\/uploads\/2020\/02\/IMG_20200201_202548-250x250.jpg\" class=\"attachment-thumbnail size-thumbnail\" alt=\"\" \/><\/a>\n\t\t\t<\/dt><\/dl><dl class='gallery-item'>\n\t\t\t<dt class='gallery-icon landscape'>\n\t\t\t\t<a href='https:\/\/www.feuerwehr-florian.com\/wp-content\/uploads\/2020\/02\/IMG_20200201_202424.jpg' title=\"\" data-rl_title=\"\" class=\"rl-gallery-link\" data-rl_caption=\"\" data-rel=\"lightbox-gallery-4\"><img loading=\"lazy\" decoding=\"async\" width=\"250\" height=\"250\" src=\"https:\/\/www.feuerwehr-florian.com\/wp-content\/uploads\/2020\/02\/IMG_20200201_202424-250x250.jpg\" class=\"attachment-thumbnail size-thumbnail\" alt=\"\" \/><\/a>\n\t\t\t<\/dt><\/dl><dl class='gallery-item'>\n\t\t\t<dt class='gallery-icon landscape'>\n\t\t\t\t<a href='https:\/\/www.feuerwehr-florian.com\/wp-content\/uploads\/2020\/02\/IMG_20200201_202141.jpg' title=\"\" data-rl_title=\"\" class=\"rl-gallery-link\" data-rl_caption=\"\" data-rel=\"lightbox-gallery-4\"><img loading=\"lazy\" decoding=\"async\" width=\"250\" height=\"250\" src=\"https:\/\/www.feuerwehr-florian.com\/wp-content\/uploads\/2020\/02\/IMG_20200201_202141-250x250.jpg\" class=\"attachment-thumbnail size-thumbnail\" alt=\"\" \/><\/a>\n\t\t\t<\/dt><\/dl><br style=\"clear: both\" \/><dl class='gallery-item'>\n\t\t\t<dt class='gallery-icon landscape'>\n\t\t\t\t<a href='https:\/\/www.feuerwehr-florian.com\/wp-content\/uploads\/2020\/02\/IMG_20200201_201912.jpg' title=\"\" data-rl_title=\"\" class=\"rl-gallery-link\" data-rl_caption=\"\" data-rel=\"lightbox-gallery-4\"><img loading=\"lazy\" decoding=\"async\" width=\"250\" height=\"250\" src=\"https:\/\/www.feuerwehr-florian.com\/wp-content\/uploads\/2020\/02\/IMG_20200201_201912-250x250.jpg\" class=\"attachment-thumbnail size-thumbnail\" alt=\"\" \/><\/a>\n\t\t\t<\/dt><\/dl><dl class='gallery-item'>\n\t\t\t<dt class='gallery-icon landscape'>\n\t\t\t\t<a href='https:\/\/www.feuerwehr-florian.com\/wp-content\/uploads\/2020\/02\/IMG_20200201_194658.jpg' title=\"\" data-rl_title=\"\" class=\"rl-gallery-link\" data-rl_caption=\"\" data-rel=\"lightbox-gallery-4\"><img loading=\"lazy\" decoding=\"async\" width=\"250\" height=\"250\" src=\"https:\/\/www.feuerwehr-florian.com\/wp-content\/uploads\/2020\/02\/IMG_20200201_194658-250x250.jpg\" class=\"attachment-thumbnail size-thumbnail\" alt=\"\" \/><\/a>\n\t\t\t<\/dt><\/dl><dl class='gallery-item'>\n\t\t\t<dt class='gallery-icon landscape'>\n\t\t\t\t<a href='https:\/\/www.feuerwehr-florian.com\/wp-content\/uploads\/2020\/02\/IMG_20200201_193134.jpg' title=\"\" data-rl_title=\"\" class=\"rl-gallery-link\" data-rl_caption=\"\" data-rel=\"lightbox-gallery-4\"><img loading=\"lazy\" decoding=\"async\" width=\"250\" height=\"250\" src=\"https:\/\/www.feuerwehr-florian.com\/wp-content\/uploads\/2020\/02\/IMG_20200201_193134-250x250.jpg\" class=\"attachment-thumbnail size-thumbnail\" alt=\"\" \/><\/a>\n\t\t\t<\/dt><\/dl><br style=\"clear: both\" \/>\n\t\t<\/div>\n\n","protected":false},"excerpt":{"rendered":"<p>Am Samstag den 1. Februar 2020 fand im Gasthaus Wimhofer die allj\u00e4hrliche Jahreshauptversammlung statt.<\/p>\n","protected":false},"author":2,"featured_media":8572,"comment_status":"closed","ping_status":"open","sticky":false,"template":"","format":"standard","meta":{"_jetpack_memberships_contains_paid_content":false,"footnotes":"","jetpack_publicize_message":"","jetpack_publicize_feature_enabled":true,"jetpack_social_post_already_shared":false,"jetpack_social_options":{"image_generator_settings":{"template":"highway","default_image_id":0,"font":"","enabled":false},"version":2}},"categories":[201,76,223],"tags":[198,78],"class_list":["post-8563","post","type-post","status-publish","format-standard","has-post-thumbnail","hentry","category-2020-2","category-jugendfeuerwehr","category-veranstaltung","tag-198","tag-jugend"],"jetpack_publicize_connections":[],"jetpack_featured_media_url":"https:\/\/www.feuerwehr-florian.com\/wp-content\/uploads\/2020\/02\/IMG_20200201_202548.jpg","jetpack_sharing_enabled":true,"jetpack_likes_enabled":true,"_links":{"self":[{"href":"https:\/\/www.feuerwehr-florian.com\/index.php?rest_route=\/wp\/v2\/posts\/8563","targetHints":{"allow":["GET"]}}],"collection":[{"href":"https:\/\/www.feuerwehr-florian.com\/index.php?rest_route=\/wp\/v2\/posts"}],"about":[{"href":"https:\/\/www.feuerwehr-florian.com\/index.php?rest_route=\/wp\/v2\/types\/post"}],"author":[{"embeddable":true,"href":"https:\/\/www.feuerwehr-florian.com\/index.php?rest_route=\/wp\/v2\/users\/2"}],"replies":[{"embeddable":true,"href":"https:\/\/www.feuerwehr-florian.com\/index.php?rest_route=%2Fwp%2Fv2%2Fcomments&post=8563"}],"version-history":[{"count":6,"href":"https:\/\/www.feuerwehr-florian.com\/index.php?rest_route=\/wp\/v2\/posts\/8563\/revisions"}],"predecessor-version":[{"id":8585,"href":"https:\/\/www.feuerwehr-florian.com\/index.php?rest_route=\/wp\/v2\/posts\/8563\/revisions\/8585"}],"wp:featuredmedia":[{"embeddable":true,"href":"https:\/\/www.feuerwehr-florian.com\/index.php?rest_route=\/wp\/v2\/media\/8572"}],"wp:attachment":[{"href":"https:\/\/www.feuerwehr-florian.com\/index.php?rest_route=%2Fwp%2Fv2%2Fmedia&parent=8563"}],"wp:term":[{"taxonomy":"category","embeddable":true,"href":"https:\/\/www.feuerwehr-florian.com\/index.php?rest_route=%2Fwp%2Fv2%2Fcategories&post=8563"},{"taxonomy":"post_tag","embeddable":true,"href":"https:\/\/www.feuerwehr-florian.com\/index.php?rest_route=%2Fwp%2Fv2%2Ftags&post=8563"}],"curies":[{"name":"wp","href":"https:\/\/api.w.org\/{rel}","templated":true}]}}