{"id":8618,"date":"2020-02-24T04:41:52","date_gmt":"2020-02-24T03:41:52","guid":{"rendered":"https:\/\/www.feuerwehr-florian.com\/?p=8618"},"modified":"2020-02-24T04:41:52","modified_gmt":"2020-02-24T03:41:52","slug":"sturmschaden-auf-der-thann-landesstrasse","status":"publish","type":"post","link":"https:\/\/www.feuerwehr-florian.com\/?p=8618","title":{"rendered":"Sturmschaden auf der Thann-Landesstra\u00dfe"},"content":{"rendered":"<p>In der Nacht von 23. auf 24. Februar 2020 wurde die FF St. Florian zu einem Sturmschaden auf die Thann-Landesstra\u00dfe alarmiert.<\/p>\n<p><!--more--><\/p>\n<p>Vor Ort wurde festgestellt, dass zwei B\u00e4ume auf Grund des Sturmes umgeknickt und auf die Stra\u00dfe gefallen sind. Mit Hilfe der Motors\u00e4ge wurden die B\u00e4ume entfernt und der Verkehrsweg wieder freigegeben. Im Einsatz standen 22 Mann mit dem <strong><a href=\"https:\/\/www.feuerwehr-florian.com\/?page_id=3047\">TLFAB 2000\/200<\/a><\/strong> eine halbe Stunde lang.<\/p>\n<p>&nbsp;<\/p>\n","protected":false},"excerpt":{"rendered":"<p>In der Nacht von 23. auf 24. Februar 2020 wurde die FF St. Florian zu einem Sturmschaden auf die Thann-Landesstra\u00dfe alarmiert.<\/p>\n","protected":false},"author":2,"featured_media":8593,"comment_status":"closed","ping_status":"open","sticky":false,"template":"","format":"standard","meta":{"_jetpack_memberships_contains_paid_content":false,"footnotes":"","jetpack_publicize_message":"","jetpack_publicize_feature_enabled":true,"jetpack_social_post_already_shared":true,"jetpack_social_options":{"image_generator_settings":{"template":"highway","default_image_id":0,"font":"","enabled":false},"version":2}},"categories":[201,22],"tags":[198,15,4,14,8],"class_list":["post-8618","post","type-post","status-publish","format-standard","has-post-thumbnail","hentry","category-2020-2","category-einsaetze","tag-198","tag-baum-ueber-strasse","tag-einsatz","tag-sturmschaden","tag-technischer-einsatz"],"jetpack_publicize_connections":[],"jetpack_featured_media_url":"https:\/\/www.feuerwehr-florian.com\/wp-content\/uploads\/2020\/02\/IMG_20200210_162418_848.jpg","jetpack_sharing_enabled":true,"jetpack_likes_enabled":true,"_links":{"self":[{"href":"https:\/\/www.feuerwehr-florian.com\/index.php?rest_route=\/wp\/v2\/posts\/8618","targetHints":{"allow":["GET"]}}],"collection":[{"href":"https:\/\/www.feuerwehr-florian.com\/index.php?rest_route=\/wp\/v2\/posts"}],"about":[{"href":"https:\/\/www.feuerwehr-florian.com\/index.php?rest_route=\/wp\/v2\/types\/post"}],"author":[{"embeddable":true,"href":"https:\/\/www.feuerwehr-florian.com\/index.php?rest_route=\/wp\/v2\/users\/2"}],"replies":[{"embeddable":true,"href":"https:\/\/www.feuerwehr-florian.com\/index.php?rest_route=%2Fwp%2Fv2%2Fcomments&post=8618"}],"version-history":[{"count":1,"href":"https:\/\/www.feuerwehr-florian.com\/index.php?rest_route=\/wp\/v2\/posts\/8618\/revisions"}],"predecessor-version":[{"id":8619,"href":"https:\/\/www.feuerwehr-florian.com\/index.php?rest_route=\/wp\/v2\/posts\/8618\/revisions\/8619"}],"wp:featuredmedia":[{"embeddable":true,"href":"https:\/\/www.feuerwehr-florian.com\/index.php?rest_route=\/wp\/v2\/media\/8593"}],"wp:attachment":[{"href":"https:\/\/www.feuerwehr-florian.com\/index.php?rest_route=%2Fwp%2Fv2%2Fmedia&parent=8618"}],"wp:term":[{"taxonomy":"category","embeddable":true,"href":"https:\/\/www.feuerwehr-florian.com\/index.php?rest_route=%2Fwp%2Fv2%2Fcategories&post=8618"},{"taxonomy":"post_tag","embeddable":true,"href":"https:\/\/www.feuerwehr-florian.com\/index.php?rest_route=%2Fwp%2Fv2%2Ftags&post=8618"}],"curies":[{"name":"wp","href":"https:\/\/api.w.org\/{rel}","templated":true}]}}