{"id":8724,"date":"2020-07-17T19:17:31","date_gmt":"2020-07-17T17:17:31","guid":{"rendered":"https:\/\/www.feuerwehr-florian.com\/?p=8724"},"modified":"2020-07-17T19:17:31","modified_gmt":"2020-07-17T17:17:31","slug":"erfolgreiche-ablegung-der-kraftfahrerausbildung-fuer-55to-fahrzeuge","status":"publish","type":"post","link":"https:\/\/www.feuerwehr-florian.com\/?p=8724","title":{"rendered":"Erfolgreiche Ablegung der Kraftfahrerausbildung f\u00fcr 5,5to Fahrzeuge"},"content":{"rendered":"<p>Am 17. Juli 2020 war es soweit: f\u00fcnf Kameraden konnten nach wochenlanger Vorbereitung die 5,5to-Pr\u00fcfung, unter besonderer Einhaltung der Covid-19 Schutzma\u00dfnahmen, als Kraftfahrer f\u00fcr die Einsatzahrzeuge der FF St. Florian ablegen.<\/p>\n<p><!--more--><\/p>\n<p>Durch die Corona-Krise etwas verz\u00f6gert, wurde heute das theoretische Wissen sowie das praktische Geschick der Kameraden auf die Probe gestellt. Unter den wachsamen Augen des Pflichtbereichskommandanten ABI Ronald Winkler sowie dessen Vorg\u00e4nger E-HBI Karl Pree wurde die Pr\u00fcfung der neu ausgebildeten Kraftfahrer absolviert. Alle Kameraden bestanden die Pr\u00fcfung mit Bravour und k\u00f6nnen nun das Transportfahrzeug (<strong><a href=\"https:\/\/www.feuerwehr-florian.com\/?page_id=3050\">LAST<\/a><\/strong>) sowie das Kommandofahrzeug (<strong><a href=\"https:\/\/www.feuerwehr-florian.com\/?page_id=2916\">KDOA<\/a><\/strong>) in \u00dcbungen sowie Eins\u00e4tzen bedienen.<\/p>\n\n\t\t<style type=\"text\/css\">\n\t\t\t#gallery-1 {\n\t\t\t\tmargin: auto;\n\t\t\t}\n\t\t\t#gallery-1 .gallery-item {\n\t\t\t\tfloat: left;\n\t\t\t\tmargin-top: 10px;\n\t\t\t\ttext-align: center;\n\t\t\t\twidth: 33%;\n\t\t\t}\n\t\t\t#gallery-1 img {\n\t\t\t\tborder: 2px solid #cfcfcf;\n\t\t\t}\n\t\t\t#gallery-1 .gallery-caption {\n\t\t\t\tmargin-left: 0;\n\t\t\t}\n\t\t\t\/* see gallery_shortcode() in wp-includes\/media.php *\/\n\t\t<\/style>\n\t\t<div id='gallery-1' class='gallery galleryid-8724 gallery-columns-3 gallery-size-thumbnail'><dl class='gallery-item'>\n\t\t\t<dt class='gallery-icon landscape'>\n\t\t\t\t<a href='https:\/\/www.feuerwehr-florian.com\/wp-content\/uploads\/2020\/07\/IMG_2622.jpg' title=\"\" data-rl_title=\"\" class=\"rl-gallery-link\" data-rl_caption=\"\" data-rel=\"lightbox-gallery-1\"><img loading=\"lazy\" decoding=\"async\" width=\"250\" height=\"250\" src=\"https:\/\/www.feuerwehr-florian.com\/wp-content\/uploads\/2020\/07\/IMG_2622-250x250.jpg\" class=\"attachment-thumbnail size-thumbnail\" alt=\"\" \/><\/a>\n\t\t\t<\/dt><\/dl>\n\t\t\t<br style='clear: both' \/>\n\t\t<\/div>\n\n","protected":false},"excerpt":{"rendered":"<p>Am 17. Juli 2020 war es soweit: f\u00fcnf Kameraden konnten nach wochenlanger Vorbereitung die 5,5to-Pr\u00fcfung, unter besonderer Einhaltung der Covid-19 Schutzma\u00dfnahmen, als Kraftfahrer f\u00fcr die Einsatzahrzeuge der FF St. Florian ablegen.<\/p>\n","protected":false},"author":2,"featured_media":8725,"comment_status":"closed","ping_status":"open","sticky":false,"template":"","format":"standard","meta":{"_jetpack_memberships_contains_paid_content":false,"footnotes":"","jetpack_publicize_message":"","jetpack_publicize_feature_enabled":true,"jetpack_social_post_already_shared":true,"jetpack_social_options":{"image_generator_settings":{"template":"highway","default_image_id":0,"font":"","enabled":false},"version":2}},"categories":[201,74],"tags":[],"class_list":["post-8724","post","type-post","status-publish","format-standard","has-post-thumbnail","hentry","category-2020-2","category-uebungen-ausbildungen"],"jetpack_publicize_connections":[],"jetpack_featured_media_url":"https:\/\/www.feuerwehr-florian.com\/wp-content\/uploads\/2020\/07\/2.jpg","jetpack_sharing_enabled":true,"jetpack_likes_enabled":true,"_links":{"self":[{"href":"https:\/\/www.feuerwehr-florian.com\/index.php?rest_route=\/wp\/v2\/posts\/8724","targetHints":{"allow":["GET"]}}],"collection":[{"href":"https:\/\/www.feuerwehr-florian.com\/index.php?rest_route=\/wp\/v2\/posts"}],"about":[{"href":"https:\/\/www.feuerwehr-florian.com\/index.php?rest_route=\/wp\/v2\/types\/post"}],"author":[{"embeddable":true,"href":"https:\/\/www.feuerwehr-florian.com\/index.php?rest_route=\/wp\/v2\/users\/2"}],"replies":[{"embeddable":true,"href":"https:\/\/www.feuerwehr-florian.com\/index.php?rest_route=%2Fwp%2Fv2%2Fcomments&post=8724"}],"version-history":[{"count":1,"href":"https:\/\/www.feuerwehr-florian.com\/index.php?rest_route=\/wp\/v2\/posts\/8724\/revisions"}],"predecessor-version":[{"id":8727,"href":"https:\/\/www.feuerwehr-florian.com\/index.php?rest_route=\/wp\/v2\/posts\/8724\/revisions\/8727"}],"wp:featuredmedia":[{"embeddable":true,"href":"https:\/\/www.feuerwehr-florian.com\/index.php?rest_route=\/wp\/v2\/media\/8725"}],"wp:attachment":[{"href":"https:\/\/www.feuerwehr-florian.com\/index.php?rest_route=%2Fwp%2Fv2%2Fmedia&parent=8724"}],"wp:term":[{"taxonomy":"category","embeddable":true,"href":"https:\/\/www.feuerwehr-florian.com\/index.php?rest_route=%2Fwp%2Fv2%2Fcategories&post=8724"},{"taxonomy":"post_tag","embeddable":true,"href":"https:\/\/www.feuerwehr-florian.com\/index.php?rest_route=%2Fwp%2Fv2%2Ftags&post=8724"}],"curies":[{"name":"wp","href":"https:\/\/api.w.org\/{rel}","templated":true}]}}