{"id":8922,"date":"2021-01-10T13:02:30","date_gmt":"2021-01-10T12:02:30","guid":{"rendered":"https:\/\/www.feuerwehr-florian.com\/?p=8922"},"modified":"2021-01-10T13:02:43","modified_gmt":"2021-01-10T12:02:43","slug":"8922","status":"publish","type":"post","link":"https:\/\/www.feuerwehr-florian.com\/?p=8922","title":{"rendered":"Verkehrsunfall auf der B1"},"content":{"rendered":"<p>Am Abend des 9. J\u00e4nner wurde die FF St. Florian telefonisch zu Aufr\u00e4umarbeiten nach einen Verkehrsunfall auf die B1 H\u00f6he Astenfeld alarmiert.<\/p>\n<p><!--more--><\/p>\n<p>Am Einsatzort angekommen stellte sich heraus, dass es sich um einen Verkehrsunfall zwischen zwei PKW handelte, wobei die verletzten Personen bereits abtransportiert waren. Die Aufgabe der FF St. Florian bestand somit darin, die Aufr\u00e4umarbeiten des Abschleppdienstes zu unterst\u00fctzen, ausgeflossene Betriebsmittel zu binden sowie die Verkehrswege wieder freizumachen. Nach Abschluss dieser Arbeiten wurde die Einsatzstelle der Polizei \u00fcbergeben. Im Einsatz standen f\u00fcnf Mann der FF St. Florian mit einem Fahrzeug (<strong><a href=\"https:\/\/www.feuerwehr-florian.com\/?page_id=3047\">TLFA-B<\/a><\/strong>) eine Stunde lang.<\/p>\n\n\t\t<style type=\"text\/css\">\n\t\t\t#gallery-1 {\n\t\t\t\tmargin: auto;\n\t\t\t}\n\t\t\t#gallery-1 .gallery-item {\n\t\t\t\tfloat: left;\n\t\t\t\tmargin-top: 10px;\n\t\t\t\ttext-align: center;\n\t\t\t\twidth: 33%;\n\t\t\t}\n\t\t\t#gallery-1 img {\n\t\t\t\tborder: 2px solid #cfcfcf;\n\t\t\t}\n\t\t\t#gallery-1 .gallery-caption {\n\t\t\t\tmargin-left: 0;\n\t\t\t}\n\t\t\t\/* see gallery_shortcode() in wp-includes\/media.php *\/\n\t\t<\/style>\n\t\t<div id='gallery-1' class='gallery galleryid-8922 gallery-columns-3 gallery-size-thumbnail'><dl class='gallery-item'>\n\t\t\t<dt class='gallery-icon landscape'>\n\t\t\t\t<a href='https:\/\/www.feuerwehr-florian.com\/wp-content\/uploads\/2021\/01\/IMG_6992.jpg' title=\"\" data-rl_title=\"\" class=\"rl-gallery-link\" data-rl_caption=\"\" data-rel=\"lightbox-gallery-1\"><img loading=\"lazy\" decoding=\"async\" width=\"250\" height=\"250\" src=\"https:\/\/www.feuerwehr-florian.com\/wp-content\/uploads\/2021\/01\/IMG_6992-250x250.jpg\" class=\"attachment-thumbnail size-thumbnail\" alt=\"\" \/><\/a>\n\t\t\t<\/dt><\/dl>\n\t\t\t<br style='clear: both' \/>\n\t\t<\/div>\n\n","protected":false},"excerpt":{"rendered":"<p>Am Abend des 9. J\u00e4nner wurde die FF St. Florian telefonisch zu Aufr\u00e4umarbeiten nach einen Verkehrsunfall auf die B1 H\u00f6he Astenfeld alarmiert.<\/p>\n","protected":false},"author":2,"featured_media":8923,"comment_status":"closed","ping_status":"open","sticky":false,"template":"","format":"standard","meta":{"_jetpack_memberships_contains_paid_content":false,"footnotes":"","jetpack_publicize_message":"","jetpack_publicize_feature_enabled":true,"jetpack_social_post_already_shared":true,"jetpack_social_options":{"image_generator_settings":{"template":"highway","default_image_id":0,"font":"","enabled":false},"version":2}},"categories":[208,22],"tags":[209,4,19,8,10],"class_list":["post-8922","post","type-post","status-publish","format-standard","has-post-thumbnail","hentry","category-2021-2","category-einsaetze","tag-209","tag-einsatz","tag-kfz","tag-technischer-einsatz","tag-verkehrsunfall"],"jetpack_publicize_connections":[],"jetpack_featured_media_url":"https:\/\/www.feuerwehr-florian.com\/wp-content\/uploads\/2021\/01\/IMG_6992.jpg","jetpack_sharing_enabled":true,"jetpack_likes_enabled":true,"_links":{"self":[{"href":"https:\/\/www.feuerwehr-florian.com\/index.php?rest_route=\/wp\/v2\/posts\/8922","targetHints":{"allow":["GET"]}}],"collection":[{"href":"https:\/\/www.feuerwehr-florian.com\/index.php?rest_route=\/wp\/v2\/posts"}],"about":[{"href":"https:\/\/www.feuerwehr-florian.com\/index.php?rest_route=\/wp\/v2\/types\/post"}],"author":[{"embeddable":true,"href":"https:\/\/www.feuerwehr-florian.com\/index.php?rest_route=\/wp\/v2\/users\/2"}],"replies":[{"embeddable":true,"href":"https:\/\/www.feuerwehr-florian.com\/index.php?rest_route=%2Fwp%2Fv2%2Fcomments&post=8922"}],"version-history":[{"count":2,"href":"https:\/\/www.feuerwehr-florian.com\/index.php?rest_route=\/wp\/v2\/posts\/8922\/revisions"}],"predecessor-version":[{"id":8925,"href":"https:\/\/www.feuerwehr-florian.com\/index.php?rest_route=\/wp\/v2\/posts\/8922\/revisions\/8925"}],"wp:featuredmedia":[{"embeddable":true,"href":"https:\/\/www.feuerwehr-florian.com\/index.php?rest_route=\/wp\/v2\/media\/8923"}],"wp:attachment":[{"href":"https:\/\/www.feuerwehr-florian.com\/index.php?rest_route=%2Fwp%2Fv2%2Fmedia&parent=8922"}],"wp:term":[{"taxonomy":"category","embeddable":true,"href":"https:\/\/www.feuerwehr-florian.com\/index.php?rest_route=%2Fwp%2Fv2%2Fcategories&post=8922"},{"taxonomy":"post_tag","embeddable":true,"href":"https:\/\/www.feuerwehr-florian.com\/index.php?rest_route=%2Fwp%2Fv2%2Ftags&post=8922"}],"curies":[{"name":"wp","href":"https:\/\/api.w.org\/{rel}","templated":true}]}}