{"id":8927,"date":"2021-01-13T08:50:50","date_gmt":"2021-01-13T07:50:50","guid":{"rendered":"https:\/\/www.feuerwehr-florian.com\/?p=8927"},"modified":"2021-07-20T15:47:35","modified_gmt":"2021-07-20T13:47:35","slug":"winterliche-fahrverhaeltnisse-doppelte-fahrzeugbergung","status":"publish","type":"post","link":"https:\/\/www.feuerwehr-florian.com\/?p=8927","title":{"rendered":"Winterliche Fahrverh\u00e4ltnisse: Doppelte Fahrzeugbergung"},"content":{"rendered":"<p>Am Abend des 12.J\u00e4nner 2021 wurde die FF St. Florian gleich zweimal telefonisch zu einem h\u00e4ngengebliebenen Gelenkbus beim Gendarmerieplatz gerufen.<\/p>\n<p><!--more--><\/p>\n<p>W\u00e4hrend der erste Bus bereits bei der Anfahrt der Einsatzkr\u00e4fte selbstst\u00e4ndig seine Fahrt fortsetzen konnte, musste bei der zweiten Alarmierung mit der Seilwinde gearbeitet werden.<\/p>\n<p>Der Bus hatte durch das Drehgelenk eine derart missliche Lage eingenommen, dass eine Fahrt nicht mehr m\u00f6glich war. Mit der Seilwinde wurde der Bus r\u00fcckw\u00e4rts aus dieser Lage gezogen. Somit konnte der Einsatz rasch wieder beendet werden.<\/p>\n<p>Im Einsatz standen 6 Mann mit 2 Fahrzeugen (TLFA-B 2000\/200 und LF-A) f\u00fcr eine Gesamtdauer von ca. 1h.<\/p>\n\n\t\t<style type=\"text\/css\">\n\t\t\t#gallery-1 {\n\t\t\t\tmargin: auto;\n\t\t\t}\n\t\t\t#gallery-1 .gallery-item {\n\t\t\t\tfloat: left;\n\t\t\t\tmargin-top: 10px;\n\t\t\t\ttext-align: center;\n\t\t\t\twidth: 33%;\n\t\t\t}\n\t\t\t#gallery-1 img {\n\t\t\t\tborder: 2px solid #cfcfcf;\n\t\t\t}\n\t\t\t#gallery-1 .gallery-caption {\n\t\t\t\tmargin-left: 0;\n\t\t\t}\n\t\t\t\/* see gallery_shortcode() in wp-includes\/media.php *\/\n\t\t<\/style>\n\t\t<div id='gallery-1' class='gallery galleryid-8927 gallery-columns-3 gallery-size-thumbnail'><dl class='gallery-item'>\n\t\t\t<dt class='gallery-icon landscape'>\n\t\t\t\t<a href='https:\/\/www.feuerwehr-florian.com\/wp-content\/uploads\/2021\/01\/IMG_0537-scaled.jpg' title=\"\" data-rl_title=\"\" class=\"rl-gallery-link\" data-rl_caption=\"\" data-rel=\"lightbox-gallery-1\"><img loading=\"lazy\" decoding=\"async\" width=\"250\" height=\"250\" src=\"https:\/\/www.feuerwehr-florian.com\/wp-content\/uploads\/2021\/01\/IMG_0537-250x250.jpg\" class=\"attachment-thumbnail size-thumbnail\" alt=\"\" \/><\/a>\n\t\t\t<\/dt><\/dl>\n\t\t\t<br style='clear: both' \/>\n\t\t<\/div>\n\n","protected":false},"excerpt":{"rendered":"<p>Am Abend des 12.J\u00e4nner 2021 wurde die FF St. Florian gleich zweimal telefonisch zu einem h\u00e4ngengebliebenen Gelenkbus beim Gendarmerieplatz gerufen.<\/p>\n","protected":false},"author":8,"featured_media":8929,"comment_status":"closed","ping_status":"open","sticky":false,"template":"","format":"standard","meta":{"_jetpack_memberships_contains_paid_content":false,"footnotes":"","jetpack_publicize_message":"","jetpack_publicize_feature_enabled":true,"jetpack_social_post_already_shared":true,"jetpack_social_options":{"image_generator_settings":{"template":"highway","default_image_id":0,"font":"","enabled":false},"version":2}},"categories":[208,22],"tags":[209,4,32,207,8,97],"class_list":["post-8927","post","type-post","status-publish","format-standard","has-post-thumbnail","hentry","category-2021-2","category-einsaetze","tag-209","tag-einsatz","tag-fahrzeugbergung","tag-te","tag-technischer-einsatz","tag-winter"],"jetpack_publicize_connections":[],"jetpack_featured_media_url":"https:\/\/www.feuerwehr-florian.com\/wp-content\/uploads\/2021\/01\/IMG_0537-scaled.jpg","jetpack_sharing_enabled":true,"jetpack_likes_enabled":true,"_links":{"self":[{"href":"https:\/\/www.feuerwehr-florian.com\/index.php?rest_route=\/wp\/v2\/posts\/8927","targetHints":{"allow":["GET"]}}],"collection":[{"href":"https:\/\/www.feuerwehr-florian.com\/index.php?rest_route=\/wp\/v2\/posts"}],"about":[{"href":"https:\/\/www.feuerwehr-florian.com\/index.php?rest_route=\/wp\/v2\/types\/post"}],"author":[{"embeddable":true,"href":"https:\/\/www.feuerwehr-florian.com\/index.php?rest_route=\/wp\/v2\/users\/8"}],"replies":[{"embeddable":true,"href":"https:\/\/www.feuerwehr-florian.com\/index.php?rest_route=%2Fwp%2Fv2%2Fcomments&post=8927"}],"version-history":[{"count":2,"href":"https:\/\/www.feuerwehr-florian.com\/index.php?rest_route=\/wp\/v2\/posts\/8927\/revisions"}],"predecessor-version":[{"id":8930,"href":"https:\/\/www.feuerwehr-florian.com\/index.php?rest_route=\/wp\/v2\/posts\/8927\/revisions\/8930"}],"wp:featuredmedia":[{"embeddable":true,"href":"https:\/\/www.feuerwehr-florian.com\/index.php?rest_route=\/wp\/v2\/media\/8929"}],"wp:attachment":[{"href":"https:\/\/www.feuerwehr-florian.com\/index.php?rest_route=%2Fwp%2Fv2%2Fmedia&parent=8927"}],"wp:term":[{"taxonomy":"category","embeddable":true,"href":"https:\/\/www.feuerwehr-florian.com\/index.php?rest_route=%2Fwp%2Fv2%2Fcategories&post=8927"},{"taxonomy":"post_tag","embeddable":true,"href":"https:\/\/www.feuerwehr-florian.com\/index.php?rest_route=%2Fwp%2Fv2%2Ftags&post=8927"}],"curies":[{"name":"wp","href":"https:\/\/api.w.org\/{rel}","templated":true}]}}