{"id":8932,"date":"2021-01-29T07:10:40","date_gmt":"2021-01-29T06:10:40","guid":{"rendered":"https:\/\/www.feuerwehr-florian.com\/?p=8932"},"modified":"2021-01-29T07:10:40","modified_gmt":"2021-01-29T06:10:40","slug":"fahrzeugbrand-auf-der-a1-fahrtrichtung-wien-4","status":"publish","type":"post","link":"https:\/\/www.feuerwehr-florian.com\/?p=8932","title":{"rendered":"Fahrzeugbrand auf der A1 Fahrtrichtung Wien"},"content":{"rendered":"<p>Die Feuerwehren Asten und St. Florian wurden am Donnerstagabend um 22:25 Uhr zu einem Fahrzeugbrand auf die Westautobahn in Fahrtrichtung Wien bei der Ausfahrt Enns West alarmiert.<\/p>\n<p><!--more--><\/p>\n<p>Der beim Eintreffen der Feuerwehr in Vollbrand stehende Pkw wurde unter Verwendung von Atemschutz gel\u00f6scht. Ein Autoanh\u00e4nger konnte noch rechtzeitig abgekoppelt werden. F\u00fcr die Dauer des Einsatzes mussten mehrere Fahrstreifen von der ASFINAG gesperrt werden. Das ausgebrannte Zugfahrzeug und der Autoanh\u00e4nger sind im Anschluss der L\u00f6scharbeiten von einem Abschleppunternehmen abtransportiert worden. Gegen 23:30 konnten die Aufr\u00e4umarbeiten abgeschlossen werden.<\/p>\n<p>Die FF St. Florian stand mit 24 Mann und zwei Fahrzeugen (<strong><a href=\"https:\/\/www.feuerwehr-florian.com\/?page_id=2916\">KDOA<\/a><\/strong>, <strong><a href=\"https:\/\/www.feuerwehr-florian.com\/?page_id=3047\">TLFA-B 2000\/200<\/a><\/strong>) 1,5 Stunden im Einsatz.<\/p>\n<p>Mehr Fotos auf der Homepage unseres Medienpartners: <strong><a href=\"https:\/\/www.fotokerschi.at\/blog\/westautobahn-fahrzeug-stand-in-vollbrand\/\">Fotokerschi.at<\/a><\/strong><\/p>\n\n\t\t<style type=\"text\/css\">\n\t\t\t#gallery-1 {\n\t\t\t\tmargin: auto;\n\t\t\t}\n\t\t\t#gallery-1 .gallery-item {\n\t\t\t\tfloat: left;\n\t\t\t\tmargin-top: 10px;\n\t\t\t\ttext-align: center;\n\t\t\t\twidth: 33%;\n\t\t\t}\n\t\t\t#gallery-1 img {\n\t\t\t\tborder: 2px solid #cfcfcf;\n\t\t\t}\n\t\t\t#gallery-1 .gallery-caption {\n\t\t\t\tmargin-left: 0;\n\t\t\t}\n\t\t\t\/* see gallery_shortcode() in wp-includes\/media.php *\/\n\t\t<\/style>\n\t\t<div id='gallery-1' class='gallery galleryid-8932 gallery-columns-3 gallery-size-thumbnail'><dl class='gallery-item'>\n\t\t\t<dt class='gallery-icon landscape'>\n\t\t\t\t<a href='https:\/\/www.feuerwehr-florian.com\/wp-content\/uploads\/2021\/01\/foke_593.jpg' title=\"\" data-rl_title=\"\" class=\"rl-gallery-link\" data-rl_caption=\"\" data-rel=\"lightbox-gallery-1\"><img loading=\"lazy\" decoding=\"async\" width=\"250\" height=\"250\" src=\"https:\/\/www.feuerwehr-florian.com\/wp-content\/uploads\/2021\/01\/foke_593-250x250.jpg\" class=\"attachment-thumbnail size-thumbnail\" alt=\"\" \/><\/a>\n\t\t\t<\/dt><\/dl><dl class='gallery-item'>\n\t\t\t<dt class='gallery-icon landscape'>\n\t\t\t\t<a href='https:\/\/www.feuerwehr-florian.com\/wp-content\/uploads\/2021\/01\/foke_596.jpg' title=\"\" data-rl_title=\"\" class=\"rl-gallery-link\" data-rl_caption=\"\" data-rel=\"lightbox-gallery-1\"><img loading=\"lazy\" decoding=\"async\" width=\"250\" height=\"250\" src=\"https:\/\/www.feuerwehr-florian.com\/wp-content\/uploads\/2021\/01\/foke_596-250x250.jpg\" class=\"attachment-thumbnail size-thumbnail\" alt=\"\" \/><\/a>\n\t\t\t<\/dt><\/dl><dl class='gallery-item'>\n\t\t\t<dt class='gallery-icon landscape'>\n\t\t\t\t<a href='https:\/\/www.feuerwehr-florian.com\/wp-content\/uploads\/2021\/01\/foke_599.jpg' title=\"\" data-rl_title=\"\" class=\"rl-gallery-link\" data-rl_caption=\"\" data-rel=\"lightbox-gallery-1\"><img loading=\"lazy\" decoding=\"async\" width=\"250\" height=\"250\" src=\"https:\/\/www.feuerwehr-florian.com\/wp-content\/uploads\/2021\/01\/foke_599-250x250.jpg\" class=\"attachment-thumbnail size-thumbnail\" alt=\"\" \/><\/a>\n\t\t\t<\/dt><\/dl><br style=\"clear: both\" \/><dl class='gallery-item'>\n\t\t\t<dt class='gallery-icon landscape'>\n\t\t\t\t<a href='https:\/\/www.feuerwehr-florian.com\/wp-content\/uploads\/2021\/01\/foke_600.jpg' title=\"\" data-rl_title=\"\" class=\"rl-gallery-link\" data-rl_caption=\"\" data-rel=\"lightbox-gallery-1\"><img loading=\"lazy\" decoding=\"async\" width=\"250\" height=\"250\" src=\"https:\/\/www.feuerwehr-florian.com\/wp-content\/uploads\/2021\/01\/foke_600-250x250.jpg\" class=\"attachment-thumbnail size-thumbnail\" alt=\"\" \/><\/a>\n\t\t\t<\/dt><\/dl><dl class='gallery-item'>\n\t\t\t<dt class='gallery-icon landscape'>\n\t\t\t\t<a href='https:\/\/www.feuerwehr-florian.com\/wp-content\/uploads\/2021\/01\/foke_604.jpg' title=\"\" data-rl_title=\"\" class=\"rl-gallery-link\" data-rl_caption=\"\" data-rel=\"lightbox-gallery-1\"><img loading=\"lazy\" decoding=\"async\" width=\"250\" height=\"250\" src=\"https:\/\/www.feuerwehr-florian.com\/wp-content\/uploads\/2021\/01\/foke_604-250x250.jpg\" class=\"attachment-thumbnail size-thumbnail\" alt=\"\" \/><\/a>\n\t\t\t<\/dt><\/dl><dl class='gallery-item'>\n\t\t\t<dt class='gallery-icon landscape'>\n\t\t\t\t<a href='https:\/\/www.feuerwehr-florian.com\/wp-content\/uploads\/2021\/01\/foke_605.jpg' title=\"\" data-rl_title=\"\" class=\"rl-gallery-link\" data-rl_caption=\"\" data-rel=\"lightbox-gallery-1\"><img loading=\"lazy\" decoding=\"async\" width=\"250\" height=\"250\" src=\"https:\/\/www.feuerwehr-florian.com\/wp-content\/uploads\/2021\/01\/foke_605-250x250.jpg\" class=\"attachment-thumbnail size-thumbnail\" alt=\"\" \/><\/a>\n\t\t\t<\/dt><\/dl><br style=\"clear: both\" \/>\n\t\t<\/div>\n\n","protected":false},"excerpt":{"rendered":"<p>Die Feuerwehren Asten und St. Florian wurden am Donnerstagabend um 22:25 Uhr zu einem Fahrzeugbrand auf die Westautobahn in Fahrtrichtung Wien bei der Ausfahrt Enns West alarmiert.<\/p>\n","protected":false},"author":2,"featured_media":8933,"comment_status":"closed","ping_status":"open","sticky":false,"template":"","format":"standard","meta":{"_jetpack_memberships_contains_paid_content":false,"footnotes":"","jetpack_publicize_message":"","jetpack_publicize_feature_enabled":true,"jetpack_social_post_already_shared":true,"jetpack_social_options":{"image_generator_settings":{"template":"highway","default_image_id":0,"font":"","enabled":false},"version":2}},"categories":[208,22],"tags":[209,46,47,3,29,4,6],"class_list":["post-8932","post","type-post","status-publish","format-standard","has-post-thumbnail","hentry","category-2021-2","category-einsaetze","tag-209","tag-a1","tag-autobahn","tag-brand","tag-brandeinsatz","tag-einsatz","tag-feuer"],"jetpack_publicize_connections":[],"jetpack_featured_media_url":"https:\/\/www.feuerwehr-florian.com\/wp-content\/uploads\/2021\/01\/foke_593.jpg","jetpack_sharing_enabled":true,"jetpack_likes_enabled":true,"_links":{"self":[{"href":"https:\/\/www.feuerwehr-florian.com\/index.php?rest_route=\/wp\/v2\/posts\/8932","targetHints":{"allow":["GET"]}}],"collection":[{"href":"https:\/\/www.feuerwehr-florian.com\/index.php?rest_route=\/wp\/v2\/posts"}],"about":[{"href":"https:\/\/www.feuerwehr-florian.com\/index.php?rest_route=\/wp\/v2\/types\/post"}],"author":[{"embeddable":true,"href":"https:\/\/www.feuerwehr-florian.com\/index.php?rest_route=\/wp\/v2\/users\/2"}],"replies":[{"embeddable":true,"href":"https:\/\/www.feuerwehr-florian.com\/index.php?rest_route=%2Fwp%2Fv2%2Fcomments&post=8932"}],"version-history":[{"count":1,"href":"https:\/\/www.feuerwehr-florian.com\/index.php?rest_route=\/wp\/v2\/posts\/8932\/revisions"}],"predecessor-version":[{"id":8939,"href":"https:\/\/www.feuerwehr-florian.com\/index.php?rest_route=\/wp\/v2\/posts\/8932\/revisions\/8939"}],"wp:featuredmedia":[{"embeddable":true,"href":"https:\/\/www.feuerwehr-florian.com\/index.php?rest_route=\/wp\/v2\/media\/8933"}],"wp:attachment":[{"href":"https:\/\/www.feuerwehr-florian.com\/index.php?rest_route=%2Fwp%2Fv2%2Fmedia&parent=8932"}],"wp:term":[{"taxonomy":"category","embeddable":true,"href":"https:\/\/www.feuerwehr-florian.com\/index.php?rest_route=%2Fwp%2Fv2%2Fcategories&post=8932"},{"taxonomy":"post_tag","embeddable":true,"href":"https:\/\/www.feuerwehr-florian.com\/index.php?rest_route=%2Fwp%2Fv2%2Ftags&post=8932"}],"curies":[{"name":"wp","href":"https:\/\/api.w.org\/{rel}","templated":true}]}}