{"id":9063,"date":"2021-06-09T07:06:01","date_gmt":"2021-06-09T05:06:01","guid":{"rendered":"https:\/\/www.feuerwehr-florian.com\/?p=9063"},"modified":"2021-07-20T15:36:16","modified_gmt":"2021-07-20T13:36:16","slug":"aufraeumarbeiten-nach-motorradunfall-auf-der-wolferner-landesstrasse","status":"publish","type":"post","link":"https:\/\/www.feuerwehr-florian.com\/?p=9063","title":{"rendered":"Aufr\u00e4umarbeiten nach Motorradunfall auf der Wolferner Landesstra\u00dfe"},"content":{"rendered":"<p>Am Nachmittag des 8. Juni 2021 wurde die FF St. Florian gemeinsam mit der FF Rohrbach zu Aufr\u00e4umarbeiten nach einem Verkehrsunfall auf die Wolferner Landesstra\u00dfe alarmiert. Vor Ort stellte sich heraus, dass ein Motorradfahrer mit einem PKW kollidiert war.<\/p>\n<p><!--more--><\/p>\n<p>Beim Eintreffen der ersten Einsatzkr\u00e4fte landete auch gleichzeitig der Notarzthubschrauber Christophorus 10 an der Einsatzstelle. Neben dem Absichern der Einsatzstelle, Binden von ausgelaufenen Betriebsmitteln wurde auch das Rote Kreuz bei der Versorgung des verletzten Motorradfahrers unterst\u00fctzt, welcher anschlie\u00dfend mit dem Notarzthubschrauber in das Linzer UKH transportiert wurde. Das sich der Unfallvort in der Einsatzzone der FF Rohrbach befand, wurde diese f\u00fcr die weiteren Aufr\u00e4umarbeiten an die FF Rohrbach \u00fcbergeben. Die FF St. Florian konnte den Einsatz nach rund einer Stunde beenden &#8211; im Einsatz standen 20 Mann mit drei Fahrzeugen (<strong><a href=\"https:\/\/www.feuerwehr-florian.com\/?page_id=2916\">KDO-A<\/a><\/strong>, T<strong><a href=\"https:\/\/www.feuerwehr-florian.com\/?page_id=3047\">LFA-B 2000\/200<\/a><\/strong>, <strong><a href=\"https:\/\/www.feuerwehr-florian.com\/?page_id=3049\">LF-A<\/a><\/strong>).<\/p>\n<p>Fotos: (c): <strong><a href=\"https:\/\/www.fotokerschi.at\/blog\/motorradfahrer-wurde-uber-pkw-geschleudert\">Fotokerschi.at<\/a><\/strong><\/p>\n\n\t\t<style type=\"text\/css\">\n\t\t\t#gallery-1 {\n\t\t\t\tmargin: auto;\n\t\t\t}\n\t\t\t#gallery-1 .gallery-item {\n\t\t\t\tfloat: left;\n\t\t\t\tmargin-top: 10px;\n\t\t\t\ttext-align: center;\n\t\t\t\twidth: 33%;\n\t\t\t}\n\t\t\t#gallery-1 img {\n\t\t\t\tborder: 2px solid #cfcfcf;\n\t\t\t}\n\t\t\t#gallery-1 .gallery-caption {\n\t\t\t\tmargin-left: 0;\n\t\t\t}\n\t\t\t\/* see gallery_shortcode() in wp-includes\/media.php *\/\n\t\t<\/style>\n\t\t<div id='gallery-1' class='gallery galleryid-9063 gallery-columns-3 gallery-size-thumbnail'><dl class='gallery-item'>\n\t\t\t<dt class='gallery-icon landscape'>\n\t\t\t\t<a href='https:\/\/www.feuerwehr-florian.com\/wp-content\/uploads\/2021\/06\/1.jpeg' title=\"\" data-rl_title=\"\" class=\"rl-gallery-link\" data-rl_caption=\"\" data-rel=\"lightbox-gallery-1\"><img loading=\"lazy\" decoding=\"async\" width=\"250\" height=\"250\" src=\"https:\/\/www.feuerwehr-florian.com\/wp-content\/uploads\/2021\/06\/1-250x250.jpeg\" class=\"attachment-thumbnail size-thumbnail\" alt=\"\" \/><\/a>\n\t\t\t<\/dt><\/dl><dl class='gallery-item'>\n\t\t\t<dt class='gallery-icon landscape'>\n\t\t\t\t<a href='https:\/\/www.feuerwehr-florian.com\/wp-content\/uploads\/2021\/06\/2.jpeg' title=\"\" data-rl_title=\"\" class=\"rl-gallery-link\" data-rl_caption=\"\" data-rel=\"lightbox-gallery-1\"><img loading=\"lazy\" decoding=\"async\" width=\"250\" height=\"250\" src=\"https:\/\/www.feuerwehr-florian.com\/wp-content\/uploads\/2021\/06\/2-250x250.jpeg\" class=\"attachment-thumbnail size-thumbnail\" alt=\"\" \/><\/a>\n\t\t\t<\/dt><\/dl><dl class='gallery-item'>\n\t\t\t<dt class='gallery-icon portrait'>\n\t\t\t\t<a href='https:\/\/www.feuerwehr-florian.com\/wp-content\/uploads\/2021\/06\/3.jpeg' title=\"\" data-rl_title=\"\" class=\"rl-gallery-link\" data-rl_caption=\"\" data-rel=\"lightbox-gallery-1\"><img loading=\"lazy\" decoding=\"async\" width=\"250\" height=\"250\" src=\"https:\/\/www.feuerwehr-florian.com\/wp-content\/uploads\/2021\/06\/3-250x250.jpeg\" class=\"attachment-thumbnail size-thumbnail\" alt=\"\" \/><\/a>\n\t\t\t<\/dt><\/dl><br style=\"clear: both\" \/><dl class='gallery-item'>\n\t\t\t<dt class='gallery-icon landscape'>\n\t\t\t\t<a href='https:\/\/www.feuerwehr-florian.com\/wp-content\/uploads\/2021\/06\/4.jpeg' title=\"\" data-rl_title=\"\" class=\"rl-gallery-link\" data-rl_caption=\"\" data-rel=\"lightbox-gallery-1\"><img loading=\"lazy\" decoding=\"async\" width=\"250\" height=\"250\" src=\"https:\/\/www.feuerwehr-florian.com\/wp-content\/uploads\/2021\/06\/4-250x250.jpeg\" class=\"attachment-thumbnail size-thumbnail\" alt=\"\" \/><\/a>\n\t\t\t<\/dt><\/dl><dl class='gallery-item'>\n\t\t\t<dt class='gallery-icon portrait'>\n\t\t\t\t<a href='https:\/\/www.feuerwehr-florian.com\/wp-content\/uploads\/2021\/06\/5.jpeg' title=\"\" data-rl_title=\"\" class=\"rl-gallery-link\" data-rl_caption=\"\" data-rel=\"lightbox-gallery-1\"><img loading=\"lazy\" decoding=\"async\" width=\"250\" height=\"250\" src=\"https:\/\/www.feuerwehr-florian.com\/wp-content\/uploads\/2021\/06\/5-250x250.jpeg\" class=\"attachment-thumbnail size-thumbnail\" alt=\"\" srcset=\"https:\/\/www.feuerwehr-florian.com\/wp-content\/uploads\/2021\/06\/5-250x250.jpeg 250w, https:\/\/www.feuerwehr-florian.com\/wp-content\/uploads\/2021\/06\/5-998x1000.jpeg 998w, https:\/\/www.feuerwehr-florian.com\/wp-content\/uploads\/2021\/06\/5-1995x2000.jpeg 1995w, https:\/\/www.feuerwehr-florian.com\/wp-content\/uploads\/2021\/06\/5-1532x1536.jpeg 1532w, https:\/\/www.feuerwehr-florian.com\/wp-content\/uploads\/2021\/06\/5-2043x2048.jpeg 2043w\" sizes=\"auto, (max-width: 250px) 100vw, 250px\" \/><\/a>\n\t\t\t<\/dt><\/dl>\n\t\t\t<br style='clear: both' \/>\n\t\t<\/div>\n\n","protected":false},"excerpt":{"rendered":"<p>Am Nachmittag des 8. Juni 2021 wurde die FF St. Florian gemeinsam mit der FF Rohrbach zu Aufr\u00e4umarbeiten nach einem Verkehrsunfall auf die Wolferner Landesstra\u00dfe alarmiert. Vor Ort stellte sich heraus, dass ein Motorradfahrer mit einem PKW kollidiert war.<\/p>\n","protected":false},"author":2,"featured_media":9066,"comment_status":"closed","ping_status":"open","sticky":false,"template":"","format":"standard","meta":{"_jetpack_memberships_contains_paid_content":false,"footnotes":"","jetpack_publicize_message":"","jetpack_publicize_feature_enabled":true,"jetpack_social_post_already_shared":true,"jetpack_social_options":{"image_generator_settings":{"template":"highway","default_image_id":0,"font":"","enabled":false},"version":2}},"categories":[208,22],"tags":[209,4,19,8,9,10],"class_list":["post-9063","post","type-post","status-publish","format-standard","has-post-thumbnail","hentry","category-2021-2","category-einsaetze","tag-209","tag-einsatz","tag-kfz","tag-technischer-einsatz","tag-unfall","tag-verkehrsunfall"],"jetpack_publicize_connections":[],"jetpack_featured_media_url":"https:\/\/www.feuerwehr-florian.com\/wp-content\/uploads\/2021\/06\/3.jpeg","jetpack_sharing_enabled":true,"jetpack_likes_enabled":true,"_links":{"self":[{"href":"https:\/\/www.feuerwehr-florian.com\/index.php?rest_route=\/wp\/v2\/posts\/9063","targetHints":{"allow":["GET"]}}],"collection":[{"href":"https:\/\/www.feuerwehr-florian.com\/index.php?rest_route=\/wp\/v2\/posts"}],"about":[{"href":"https:\/\/www.feuerwehr-florian.com\/index.php?rest_route=\/wp\/v2\/types\/post"}],"author":[{"embeddable":true,"href":"https:\/\/www.feuerwehr-florian.com\/index.php?rest_route=\/wp\/v2\/users\/2"}],"replies":[{"embeddable":true,"href":"https:\/\/www.feuerwehr-florian.com\/index.php?rest_route=%2Fwp%2Fv2%2Fcomments&post=9063"}],"version-history":[{"count":2,"href":"https:\/\/www.feuerwehr-florian.com\/index.php?rest_route=\/wp\/v2\/posts\/9063\/revisions"}],"predecessor-version":[{"id":9070,"href":"https:\/\/www.feuerwehr-florian.com\/index.php?rest_route=\/wp\/v2\/posts\/9063\/revisions\/9070"}],"wp:featuredmedia":[{"embeddable":true,"href":"https:\/\/www.feuerwehr-florian.com\/index.php?rest_route=\/wp\/v2\/media\/9066"}],"wp:attachment":[{"href":"https:\/\/www.feuerwehr-florian.com\/index.php?rest_route=%2Fwp%2Fv2%2Fmedia&parent=9063"}],"wp:term":[{"taxonomy":"category","embeddable":true,"href":"https:\/\/www.feuerwehr-florian.com\/index.php?rest_route=%2Fwp%2Fv2%2Fcategories&post=9063"},{"taxonomy":"post_tag","embeddable":true,"href":"https:\/\/www.feuerwehr-florian.com\/index.php?rest_route=%2Fwp%2Fv2%2Ftags&post=9063"}],"curies":[{"name":"wp","href":"https:\/\/api.w.org\/{rel}","templated":true}]}}