{"id":9072,"date":"2021-06-15T18:57:28","date_gmt":"2021-06-15T16:57:28","guid":{"rendered":"https:\/\/www.feuerwehr-florian.com\/?p=9072"},"modified":"2021-07-20T15:36:07","modified_gmt":"2021-07-20T13:36:07","slug":"brandmeldealarm-entpuppt-sich-als-brand-eines-mistkuebels","status":"publish","type":"post","link":"https:\/\/www.feuerwehr-florian.com\/?p=9072","title":{"rendered":"Brandmeldealarm entpuppt sich als Brand eines Mistk\u00fcbels"},"content":{"rendered":"<p>Am Nachmittag des 15. Juni 2021 wurde die FF St. Florian zu einem Brandmeldealarm ins Astenfeld alarmiert.<\/p>\n<p><!--more--><\/p>\n<p>Vor Ort wurden wir bereits durch das anwesende Personal erwartet und eingewiesen, dass es sich um einen Brand in einer Kundentoilette im EG handelte. Durch das beherzte Eingreifen der Mitarbeiter wurde der Entstehungsbrand im Mistk\u00fcbel der Toilette mit mehreren Feuerl\u00f6schern erfolgreich bek\u00e4mpft. Die FF St. Florian kontrollierte die Einsatzstelle mittels W\u00e4rmebildkamera und f\u00fchrte Nachl\u00f6scharbeiten durch. Im Einsatz standen 17 Mann mit drei Fahrzeugen (<strong><a href=\"https:\/\/www.feuerwehr-florian.com\/?page_id=2916\">KDO-A<\/a><\/strong>, <strong><a href=\"https:\/\/www.feuerwehr-florian.com\/?page_id=3047\">TLFA-B 2000\/200<\/a><\/strong>, <strong><a href=\"https:\/\/www.feuerwehr-florian.com\/?page_id=3048\">TB23-12<\/a>)<\/strong>\u00a01,5 Stunden lang.<\/p>\n\n\t\t<style type=\"text\/css\">\n\t\t\t#gallery-1 {\n\t\t\t\tmargin: auto;\n\t\t\t}\n\t\t\t#gallery-1 .gallery-item {\n\t\t\t\tfloat: left;\n\t\t\t\tmargin-top: 10px;\n\t\t\t\ttext-align: center;\n\t\t\t\twidth: 33%;\n\t\t\t}\n\t\t\t#gallery-1 img {\n\t\t\t\tborder: 2px solid #cfcfcf;\n\t\t\t}\n\t\t\t#gallery-1 .gallery-caption {\n\t\t\t\tmargin-left: 0;\n\t\t\t}\n\t\t\t\/* see gallery_shortcode() in wp-includes\/media.php *\/\n\t\t<\/style>\n\t\t<div id='gallery-1' class='gallery galleryid-9072 gallery-columns-3 gallery-size-thumbnail'><dl class='gallery-item'>\n\t\t\t<dt class='gallery-icon portrait'>\n\t\t\t\t<a href='https:\/\/www.feuerwehr-florian.com\/wp-content\/uploads\/2021\/06\/IMG_1886.jpg' title=\"\" data-rl_title=\"\" class=\"rl-gallery-link\" data-rl_caption=\"\" data-rel=\"lightbox-gallery-1\"><img loading=\"lazy\" decoding=\"async\" width=\"250\" height=\"250\" src=\"https:\/\/www.feuerwehr-florian.com\/wp-content\/uploads\/2021\/06\/IMG_1886-250x250.jpg\" class=\"attachment-thumbnail size-thumbnail\" alt=\"\" \/><\/a>\n\t\t\t<\/dt><\/dl><dl class='gallery-item'>\n\t\t\t<dt class='gallery-icon portrait'>\n\t\t\t\t<a href='https:\/\/www.feuerwehr-florian.com\/wp-content\/uploads\/2021\/06\/IMG_1890.jpg' title=\"\" data-rl_title=\"\" class=\"rl-gallery-link\" data-rl_caption=\"\" data-rel=\"lightbox-gallery-1\"><img loading=\"lazy\" decoding=\"async\" width=\"250\" height=\"250\" src=\"https:\/\/www.feuerwehr-florian.com\/wp-content\/uploads\/2021\/06\/IMG_1890-250x250.jpg\" class=\"attachment-thumbnail size-thumbnail\" alt=\"\" \/><\/a>\n\t\t\t<\/dt><\/dl>\n\t\t\t<br style='clear: both' \/>\n\t\t<\/div>\n\n","protected":false},"excerpt":{"rendered":"<p>Am Nachmittag des 15. Juni 2021 wurde die FF St. Florian zu einem Brandmeldealarm ins Astenfeld alarmiert.<\/p>\n","protected":false},"author":2,"featured_media":9074,"comment_status":"closed","ping_status":"open","sticky":false,"template":"","format":"standard","meta":{"_jetpack_memberships_contains_paid_content":false,"footnotes":"","jetpack_publicize_message":"","jetpack_publicize_feature_enabled":true,"jetpack_social_post_already_shared":true,"jetpack_social_options":{"image_generator_settings":{"template":"highway","default_image_id":0,"font":"","enabled":false},"version":2}},"categories":[208,22],"tags":[209,3,29,16,63,4],"class_list":["post-9072","post","type-post","status-publish","format-standard","has-post-thumbnail","hentry","category-2021-2","category-einsaetze","tag-209","tag-brand","tag-brandeinsatz","tag-brandmeldealarm","tag-brandverdacht","tag-einsatz"],"jetpack_publicize_connections":[],"jetpack_featured_media_url":"https:\/\/www.feuerwehr-florian.com\/wp-content\/uploads\/2021\/06\/IMG_1890.jpg","jetpack_sharing_enabled":true,"jetpack_likes_enabled":true,"_links":{"self":[{"href":"https:\/\/www.feuerwehr-florian.com\/index.php?rest_route=\/wp\/v2\/posts\/9072","targetHints":{"allow":["GET"]}}],"collection":[{"href":"https:\/\/www.feuerwehr-florian.com\/index.php?rest_route=\/wp\/v2\/posts"}],"about":[{"href":"https:\/\/www.feuerwehr-florian.com\/index.php?rest_route=\/wp\/v2\/types\/post"}],"author":[{"embeddable":true,"href":"https:\/\/www.feuerwehr-florian.com\/index.php?rest_route=\/wp\/v2\/users\/2"}],"replies":[{"embeddable":true,"href":"https:\/\/www.feuerwehr-florian.com\/index.php?rest_route=%2Fwp%2Fv2%2Fcomments&post=9072"}],"version-history":[{"count":3,"href":"https:\/\/www.feuerwehr-florian.com\/index.php?rest_route=\/wp\/v2\/posts\/9072\/revisions"}],"predecessor-version":[{"id":9077,"href":"https:\/\/www.feuerwehr-florian.com\/index.php?rest_route=\/wp\/v2\/posts\/9072\/revisions\/9077"}],"wp:featuredmedia":[{"embeddable":true,"href":"https:\/\/www.feuerwehr-florian.com\/index.php?rest_route=\/wp\/v2\/media\/9074"}],"wp:attachment":[{"href":"https:\/\/www.feuerwehr-florian.com\/index.php?rest_route=%2Fwp%2Fv2%2Fmedia&parent=9072"}],"wp:term":[{"taxonomy":"category","embeddable":true,"href":"https:\/\/www.feuerwehr-florian.com\/index.php?rest_route=%2Fwp%2Fv2%2Fcategories&post=9072"},{"taxonomy":"post_tag","embeddable":true,"href":"https:\/\/www.feuerwehr-florian.com\/index.php?rest_route=%2Fwp%2Fv2%2Ftags&post=9072"}],"curies":[{"name":"wp","href":"https:\/\/api.w.org\/{rel}","templated":true}]}}