{"id":9115,"date":"2021-07-08T12:55:07","date_gmt":"2021-07-08T10:55:07","guid":{"rendered":"https:\/\/www.feuerwehr-florian.com\/?p=9115"},"modified":"2021-07-20T15:29:23","modified_gmt":"2021-07-20T13:29:23","slug":"brandmeldealarm-in-der-westbahnstrasse","status":"publish","type":"post","link":"https:\/\/www.feuerwehr-florian.com\/?p=9115","title":{"rendered":"Brandmeldealarm in der Westbahnstra\u00dfe"},"content":{"rendered":"<p>Am Donnerstag wurde die FF St. Florian zu einem Brandmeldealarm in die Westbahnstra\u00dfe alarmiert.<\/p>\n<p><!--more--><\/p>\n<p>Nach kurzer Zeit r\u00fcckte bereits der L\u00f6schzug der FF St. Florian zum vermeintlichen Brandobjekt aus und konnte vor Ort rasch den Grund f\u00fcr die Alarmierung ausfindig machen. Angebranntes Kochgut und die damit verbundene Rauchentwicklung in einer K\u00fcche war Grund f\u00fcr das Ausl\u00f6sen der Brandmeldeanlage. Nach rund 30 Minuten konnte der Einsatz f\u00fcr die 13 Mann der Marktfeuerwehr beendet werden.<\/p>\n","protected":false},"excerpt":{"rendered":"<p>Am Donnerstag wurde die FF St. Florian zu einem Brandmeldealarm in die Westbahnstra\u00dfe alarmiert.<\/p>\n","protected":false},"author":2,"featured_media":8987,"comment_status":"closed","ping_status":"open","sticky":false,"template":"","format":"standard","meta":{"_jetpack_memberships_contains_paid_content":false,"footnotes":"","jetpack_publicize_message":"","jetpack_publicize_feature_enabled":true,"jetpack_social_post_already_shared":true,"jetpack_social_options":{"image_generator_settings":{"template":"highway","default_image_id":0,"font":"","enabled":false},"version":2}},"categories":[208,22],"tags":[209,3,29,16,4],"class_list":["post-9115","post","type-post","status-publish","format-standard","has-post-thumbnail","hentry","category-2021-2","category-einsaetze","tag-209","tag-brand","tag-brandeinsatz","tag-brandmeldealarm","tag-einsatz"],"jetpack_publicize_connections":[],"jetpack_featured_media_url":"https:\/\/www.feuerwehr-florian.com\/wp-content\/uploads\/2021\/04\/symbol1.jpg","jetpack_sharing_enabled":true,"jetpack_likes_enabled":true,"_links":{"self":[{"href":"https:\/\/www.feuerwehr-florian.com\/index.php?rest_route=\/wp\/v2\/posts\/9115","targetHints":{"allow":["GET"]}}],"collection":[{"href":"https:\/\/www.feuerwehr-florian.com\/index.php?rest_route=\/wp\/v2\/posts"}],"about":[{"href":"https:\/\/www.feuerwehr-florian.com\/index.php?rest_route=\/wp\/v2\/types\/post"}],"author":[{"embeddable":true,"href":"https:\/\/www.feuerwehr-florian.com\/index.php?rest_route=\/wp\/v2\/users\/2"}],"replies":[{"embeddable":true,"href":"https:\/\/www.feuerwehr-florian.com\/index.php?rest_route=%2Fwp%2Fv2%2Fcomments&post=9115"}],"version-history":[{"count":1,"href":"https:\/\/www.feuerwehr-florian.com\/index.php?rest_route=\/wp\/v2\/posts\/9115\/revisions"}],"predecessor-version":[{"id":9116,"href":"https:\/\/www.feuerwehr-florian.com\/index.php?rest_route=\/wp\/v2\/posts\/9115\/revisions\/9116"}],"wp:featuredmedia":[{"embeddable":true,"href":"https:\/\/www.feuerwehr-florian.com\/index.php?rest_route=\/wp\/v2\/media\/8987"}],"wp:attachment":[{"href":"https:\/\/www.feuerwehr-florian.com\/index.php?rest_route=%2Fwp%2Fv2%2Fmedia&parent=9115"}],"wp:term":[{"taxonomy":"category","embeddable":true,"href":"https:\/\/www.feuerwehr-florian.com\/index.php?rest_route=%2Fwp%2Fv2%2Fcategories&post=9115"},{"taxonomy":"post_tag","embeddable":true,"href":"https:\/\/www.feuerwehr-florian.com\/index.php?rest_route=%2Fwp%2Fv2%2Ftags&post=9115"}],"curies":[{"name":"wp","href":"https:\/\/api.w.org\/{rel}","templated":true}]}}