{"id":9244,"date":"2021-08-26T07:37:54","date_gmt":"2021-08-26T05:37:54","guid":{"rendered":"https:\/\/www.feuerwehr-florian.com\/?p=9244"},"modified":"2021-09-06T10:04:07","modified_gmt":"2021-09-06T08:04:07","slug":"verkehrsunfall-auf-der-a1-fahrtrichtung-wien-2","status":"publish","type":"post","link":"https:\/\/www.feuerwehr-florian.com\/?p=9244","title":{"rendered":"Verkehrsunfall auf der A1 &#8211; Fahrtrichtung Wien"},"content":{"rendered":"<p>Montag Mittag wurde die FF St. Florian gemeinsam mit der FF Rohrbach zu einen Verkehrsunfall auf die A1 Fahrtrichtung Wien H\u00f6he Kilometer 162 alarmiert. Bereits bei der Anfahrt war bekannt, dass sich ein Fahrzeug \u00fcberschlagen hatte.<\/p>\n<p><!--more--><\/p>\n<p>Nach einer etwas erschwerteren Anfahrt durch die Rettungsgasse konnte beim Eintreffen am Einsatzort zum Gl\u00fcck keine eingeklemmte Person im Fahrzeug mehr festgestellt werden. Dadurch beschr\u00e4nkten sich die Arbeiten der Feuerwehren auf das unterst\u00fctzen des Abschleppunternehmers sowie das freimachen der Verkehrswege. Nach runde einer Stunde konnte der Einsatz beendet werden. Im Einsatz standen 16 Mann mit zwei Fahrzeugen (<strong><a href=\"https:\/\/www.feuerwehr-florian.com\/?page_id=2916\">KDOA<\/a><\/strong>, <strong><a href=\"https:\/\/www.feuerwehr-florian.com\/?page_id=3047\">TLFA-B 2000\/200<\/a><\/strong>).<\/p>\n<p><strong>Bericht der Polizei:<\/strong><\/p>\n<p class=\"text-justify\"><strong>Unfall auf Autobahn &#8211; Landesverkehrsabteilung O\u00d6<\/strong><br \/>\nEine 21-J\u00e4hrige aus dem Bezirk Amstetten lenkte am 25. August 2021 gegen 12:30 Uhr ihren Pkw auf dem mittleren Fahrstreifen der Westautobahn A1 Richtung Wien. Dabei prallte sie aus bisher noch unbekannter Ursache mit der Front gegen das Heck einer 63-j\u00e4hrigen Pkw-Lenkerin. Dabei wurde die 63-J\u00e4hrige aus dem Bezirk Freistadt gegen die Betonmittelwand geschleudert, wodurch das Auto abhob, sich drehte und auf dem Dach zum Liegen kam. Die Verletzte konnte sich gemeinsam mit Ersthelfern aus dem Fahrzeug befreien und wurde in Unfallkrankenhaus Linz eingeliefert. Der erste und zweite Fahrstreifen waren bis 13:35 Uhr total gesperrt.<\/p>\n<p>Fotos: (c) <strong><a href=\"https:\/\/www.fotokerschi.at\/blog\/auffahrunfall-auf-der-a1-autobahn\">Fotokerschi.at<\/a><\/strong><\/p>\n\n\t\t<style type=\"text\/css\">\n\t\t\t#gallery-1 {\n\t\t\t\tmargin: auto;\n\t\t\t}\n\t\t\t#gallery-1 .gallery-item {\n\t\t\t\tfloat: left;\n\t\t\t\tmargin-top: 10px;\n\t\t\t\ttext-align: center;\n\t\t\t\twidth: 33%;\n\t\t\t}\n\t\t\t#gallery-1 img {\n\t\t\t\tborder: 2px solid #cfcfcf;\n\t\t\t}\n\t\t\t#gallery-1 .gallery-caption {\n\t\t\t\tmargin-left: 0;\n\t\t\t}\n\t\t\t\/* see gallery_shortcode() in wp-includes\/media.php *\/\n\t\t<\/style>\n\t\t<div id='gallery-1' class='gallery galleryid-9244 gallery-columns-3 gallery-size-thumbnail'><dl class='gallery-item'>\n\t\t\t<dt class='gallery-icon landscape'>\n\t\t\t\t<a href='https:\/\/www.feuerwehr-florian.com\/wp-content\/uploads\/2021\/08\/1.jpg' title=\"\" data-rl_title=\"\" class=\"rl-gallery-link\" data-rl_caption=\"\" data-rel=\"lightbox-gallery-1\"><img loading=\"lazy\" decoding=\"async\" width=\"250\" height=\"250\" src=\"https:\/\/www.feuerwehr-florian.com\/wp-content\/uploads\/2021\/08\/1-250x250.jpg\" class=\"attachment-thumbnail size-thumbnail\" alt=\"\" srcset=\"https:\/\/www.feuerwehr-florian.com\/wp-content\/uploads\/2021\/08\/1-250x250.jpg 250w, https:\/\/www.feuerwehr-florian.com\/wp-content\/uploads\/2021\/08\/1-1000x995.jpg 1000w, https:\/\/www.feuerwehr-florian.com\/wp-content\/uploads\/2021\/08\/1-2000x1990.jpg 2000w, https:\/\/www.feuerwehr-florian.com\/wp-content\/uploads\/2021\/08\/1-1536x1528.jpg 1536w, https:\/\/www.feuerwehr-florian.com\/wp-content\/uploads\/2021\/08\/1-2048x2038.jpg 2048w\" sizes=\"auto, (max-width: 250px) 100vw, 250px\" \/><\/a>\n\t\t\t<\/dt><\/dl><dl class='gallery-item'>\n\t\t\t<dt class='gallery-icon landscape'>\n\t\t\t\t<a href='https:\/\/www.feuerwehr-florian.com\/wp-content\/uploads\/2021\/08\/2.jpg' title=\"\" data-rl_title=\"\" class=\"rl-gallery-link\" data-rl_caption=\"\" data-rel=\"lightbox-gallery-1\"><img loading=\"lazy\" decoding=\"async\" width=\"250\" height=\"250\" src=\"https:\/\/www.feuerwehr-florian.com\/wp-content\/uploads\/2021\/08\/2-250x250.jpg\" class=\"attachment-thumbnail size-thumbnail\" alt=\"\" \/><\/a>\n\t\t\t<\/dt><\/dl><dl class='gallery-item'>\n\t\t\t<dt class='gallery-icon portrait'>\n\t\t\t\t<a href='https:\/\/www.feuerwehr-florian.com\/wp-content\/uploads\/2021\/08\/3.jpg' title=\"\" data-rl_title=\"\" class=\"rl-gallery-link\" data-rl_caption=\"\" data-rel=\"lightbox-gallery-1\"><img loading=\"lazy\" decoding=\"async\" width=\"250\" height=\"250\" src=\"https:\/\/www.feuerwehr-florian.com\/wp-content\/uploads\/2021\/08\/3-250x250.jpg\" class=\"attachment-thumbnail size-thumbnail\" alt=\"\" \/><\/a>\n\t\t\t<\/dt><\/dl><br style=\"clear: both\" \/><dl class='gallery-item'>\n\t\t\t<dt class='gallery-icon landscape'>\n\t\t\t\t<a href='https:\/\/www.feuerwehr-florian.com\/wp-content\/uploads\/2021\/08\/4-1.jpg' title=\"\" data-rl_title=\"\" class=\"rl-gallery-link\" data-rl_caption=\"\" data-rel=\"lightbox-gallery-1\"><img loading=\"lazy\" decoding=\"async\" width=\"250\" height=\"250\" src=\"https:\/\/www.feuerwehr-florian.com\/wp-content\/uploads\/2021\/08\/4-1-250x250.jpg\" class=\"attachment-thumbnail size-thumbnail\" alt=\"\" \/><\/a>\n\t\t\t<\/dt><\/dl>\n\t\t\t<br style='clear: both' \/>\n\t\t<\/div>\n\n","protected":false},"excerpt":{"rendered":"<p>Montag Mittag wurde die FF St. Florian gemeinsam mit der FF Rohrbach zu einen Verkehrsunfall auf die A1 Fahrtrichtung Wien H\u00f6he Kilometer 162 alarmiert. Bereits bei der Anfahrt war bekannt, dass sich ein Fahrzeug \u00fcberschlagen hatte.<\/p>\n","protected":false},"author":2,"featured_media":9246,"comment_status":"closed","ping_status":"open","sticky":false,"template":"","format":"standard","meta":{"_jetpack_memberships_contains_paid_content":false,"footnotes":"","jetpack_publicize_message":"","jetpack_publicize_feature_enabled":true,"jetpack_social_post_already_shared":true,"jetpack_social_options":{"image_generator_settings":{"template":"highway","default_image_id":0,"font":"","enabled":false},"version":2}},"categories":[208,22],"tags":[209,46,47,4,32,8,10],"class_list":["post-9244","post","type-post","status-publish","format-standard","has-post-thumbnail","hentry","category-2021-2","category-einsaetze","tag-209","tag-a1","tag-autobahn","tag-einsatz","tag-fahrzeugbergung","tag-technischer-einsatz","tag-verkehrsunfall"],"jetpack_publicize_connections":[],"jetpack_featured_media_url":"https:\/\/www.feuerwehr-florian.com\/wp-content\/uploads\/2021\/08\/2.jpg","jetpack_sharing_enabled":true,"jetpack_likes_enabled":true,"_links":{"self":[{"href":"https:\/\/www.feuerwehr-florian.com\/index.php?rest_route=\/wp\/v2\/posts\/9244","targetHints":{"allow":["GET"]}}],"collection":[{"href":"https:\/\/www.feuerwehr-florian.com\/index.php?rest_route=\/wp\/v2\/posts"}],"about":[{"href":"https:\/\/www.feuerwehr-florian.com\/index.php?rest_route=\/wp\/v2\/types\/post"}],"author":[{"embeddable":true,"href":"https:\/\/www.feuerwehr-florian.com\/index.php?rest_route=\/wp\/v2\/users\/2"}],"replies":[{"embeddable":true,"href":"https:\/\/www.feuerwehr-florian.com\/index.php?rest_route=%2Fwp%2Fv2%2Fcomments&post=9244"}],"version-history":[{"count":1,"href":"https:\/\/www.feuerwehr-florian.com\/index.php?rest_route=\/wp\/v2\/posts\/9244\/revisions"}],"predecessor-version":[{"id":9249,"href":"https:\/\/www.feuerwehr-florian.com\/index.php?rest_route=\/wp\/v2\/posts\/9244\/revisions\/9249"}],"wp:featuredmedia":[{"embeddable":true,"href":"https:\/\/www.feuerwehr-florian.com\/index.php?rest_route=\/wp\/v2\/media\/9246"}],"wp:attachment":[{"href":"https:\/\/www.feuerwehr-florian.com\/index.php?rest_route=%2Fwp%2Fv2%2Fmedia&parent=9244"}],"wp:term":[{"taxonomy":"category","embeddable":true,"href":"https:\/\/www.feuerwehr-florian.com\/index.php?rest_route=%2Fwp%2Fv2%2Fcategories&post=9244"},{"taxonomy":"post_tag","embeddable":true,"href":"https:\/\/www.feuerwehr-florian.com\/index.php?rest_route=%2Fwp%2Fv2%2Ftags&post=9244"}],"curies":[{"name":"wp","href":"https:\/\/api.w.org\/{rel}","templated":true}]}}