{"id":9252,"date":"2021-08-27T15:23:54","date_gmt":"2021-08-27T13:23:54","guid":{"rendered":"https:\/\/www.feuerwehr-florian.com\/?p=9252"},"modified":"2021-09-15T18:26:59","modified_gmt":"2021-09-15T16:26:59","slug":"massenkarambolage-auf-der-a1-fahrtrichtung-salzburg-2","status":"publish","type":"post","link":"https:\/\/www.feuerwehr-florian.com\/?p=9252","title":{"rendered":"Massenkarambolage auf der A1 &#8211; Fahrtrichtung Salzburg"},"content":{"rendered":"<p>Am fr\u00fchen Nachmittag des Freitags wurde die FF St. Florian gemeinsam mit der FF Rohrbach und der BF Linz zu einem Verkehrsunfall auf die Autobahn A1 Fahrtrichtung Salzburg H\u00f6he Ebelsberger Berg alarmiert. Bereits bei der Anfahrt war die Information bekannt, dass mehrere Fahrzeuge am Unfall beteiligt waren.<\/p>\n<p><!--more--><\/p>\n<p>Schon bei der Anfahrt der Feuerwehren reichte der Stau bis nach der Auffahrt Asten\/St. Florian zur\u00fcck, weshalb sich die Einsatzfahrzeuge wieder durch die Rettungsgasse k\u00e4mpfen mussten. Dieses Mal funktionierte die Rettungsgasse (mit einzelnen Ausnahmen) recht gut und ein Durchkommen zur Unfallstelle war schnell m\u00f6glich.<\/p>\n<p>An der Einsatzstelle angekommen stellte sich heraus, dass in Summe 7 Fahrzeuge in den Unfall verwickelt waren (5 PKW, 1 Wohnmobil, 1 LKW). Der LKW hatte 20.000 Liter Leim geladen, welche zum Gl\u00fcck nicht austraten. Da die Unfallfahrzeuge \u00fcber alle 3 Spuren der Autobahn und auch \u00fcber den Pannenstreifen verteilt waren, war eine zeitweise Vollsperrung der A1 die Folge. Es gab mehrere verletzte Personen, welche durch das Rote Kreuz bzw. durch den anwesenden Notarzt betreut wurden. Zum Gl\u00fcck waren keine Personen mehr in den Unfall-Fahrzeugen eingeklemmt, wodurch sich die Arbeit der Feuerwehren auf das Freimachen der Verkehrswege sowie die Unterst\u00fctzung der Abschleppunternehmen beschr\u00e4nkte. Aufgrund der Vollsperre der Autobahn bildete sich ein kilometerlanger Stau, in dem mehrere Auffahrunf\u00e4lle passierten. Ein Einschreiten der Feuerwehr war hier jedoch nicht notwendig.<\/p>\n<p>Nach rund 90 Minuten konnte der Einsatz beendet werden. Im Einsatz standen 21 Mann der FF St. Florian mit drei Fahrzeugen (<strong><a href=\"https:\/\/www.feuerwehr-florian.com\/?page_id=2916\">KDOA<\/a><\/strong>,<strong> <a href=\"https:\/\/www.feuerwehr-florian.com\/?page_id=3049\">LF-A<\/a>,<\/strong> <strong><a href=\"https:\/\/www.feuerwehr-florian.com\/?page_id=3047\">TLFA-B 2000\/200<\/a><\/strong>) sowie die FF Rohrbach, die BF Linz, die Polizei, div. Abschleppunternehmen und die Asfinag jeweils mit mehreren Fahrzeugen.<\/p>\n<p>&nbsp;<\/p>\n\n\t\t<style type=\"text\/css\">\n\t\t\t#gallery-1 {\n\t\t\t\tmargin: auto;\n\t\t\t}\n\t\t\t#gallery-1 .gallery-item {\n\t\t\t\tfloat: left;\n\t\t\t\tmargin-top: 10px;\n\t\t\t\ttext-align: center;\n\t\t\t\twidth: 33%;\n\t\t\t}\n\t\t\t#gallery-1 img {\n\t\t\t\tborder: 2px solid #cfcfcf;\n\t\t\t}\n\t\t\t#gallery-1 .gallery-caption {\n\t\t\t\tmargin-left: 0;\n\t\t\t}\n\t\t\t\/* see gallery_shortcode() in wp-includes\/media.php *\/\n\t\t<\/style>\n\t\t<div id='gallery-1' class='gallery galleryid-9252 gallery-columns-3 gallery-size-thumbnail'><dl class='gallery-item'>\n\t\t\t<dt class='gallery-icon landscape'>\n\t\t\t\t<a href='https:\/\/www.feuerwehr-florian.com\/wp-content\/uploads\/2021\/08\/IMG_0939.png' title=\"\" data-rl_title=\"\" class=\"rl-gallery-link\" data-rl_caption=\"\" data-rel=\"lightbox-gallery-1\"><img loading=\"lazy\" decoding=\"async\" width=\"250\" height=\"250\" src=\"https:\/\/www.feuerwehr-florian.com\/wp-content\/uploads\/2021\/08\/IMG_0939-250x250.png\" class=\"attachment-thumbnail size-thumbnail\" alt=\"\" \/><\/a>\n\t\t\t<\/dt><\/dl><dl class='gallery-item'>\n\t\t\t<dt class='gallery-icon landscape'>\n\t\t\t\t<a href='https:\/\/www.feuerwehr-florian.com\/wp-content\/uploads\/2021\/08\/IMG_0932.png' title=\"\" data-rl_title=\"\" class=\"rl-gallery-link\" data-rl_caption=\"\" data-rel=\"lightbox-gallery-1\"><img loading=\"lazy\" decoding=\"async\" width=\"250\" height=\"250\" src=\"https:\/\/www.feuerwehr-florian.com\/wp-content\/uploads\/2021\/08\/IMG_0932-250x250.png\" class=\"attachment-thumbnail size-thumbnail\" alt=\"\" \/><\/a>\n\t\t\t<\/dt><\/dl><dl class='gallery-item'>\n\t\t\t<dt class='gallery-icon portrait'>\n\t\t\t\t<a href='https:\/\/www.feuerwehr-florian.com\/wp-content\/uploads\/2021\/08\/DSC_0025.png' title=\"\" data-rl_title=\"\" class=\"rl-gallery-link\" data-rl_caption=\"\" data-rel=\"lightbox-gallery-1\"><img loading=\"lazy\" decoding=\"async\" width=\"250\" height=\"250\" src=\"https:\/\/www.feuerwehr-florian.com\/wp-content\/uploads\/2021\/08\/DSC_0025-250x250.png\" class=\"attachment-thumbnail size-thumbnail\" alt=\"\" \/><\/a>\n\t\t\t<\/dt><\/dl><br style=\"clear: both\" \/><dl class='gallery-item'>\n\t\t\t<dt class='gallery-icon landscape'>\n\t\t\t\t<a href='https:\/\/www.feuerwehr-florian.com\/wp-content\/uploads\/2021\/08\/DSC_0021.png' title=\"\" data-rl_title=\"\" class=\"rl-gallery-link\" data-rl_caption=\"\" data-rel=\"lightbox-gallery-1\"><img loading=\"lazy\" decoding=\"async\" width=\"250\" height=\"250\" src=\"https:\/\/www.feuerwehr-florian.com\/wp-content\/uploads\/2021\/08\/DSC_0021-250x250.png\" class=\"attachment-thumbnail size-thumbnail\" alt=\"\" \/><\/a>\n\t\t\t<\/dt><\/dl><dl class='gallery-item'>\n\t\t\t<dt class='gallery-icon landscape'>\n\t\t\t\t<a href='https:\/\/www.feuerwehr-florian.com\/wp-content\/uploads\/2021\/08\/DSC_0020.png' title=\"\" data-rl_title=\"\" class=\"rl-gallery-link\" data-rl_caption=\"\" data-rel=\"lightbox-gallery-1\"><img loading=\"lazy\" decoding=\"async\" width=\"250\" height=\"250\" src=\"https:\/\/www.feuerwehr-florian.com\/wp-content\/uploads\/2021\/08\/DSC_0020-250x250.png\" class=\"attachment-thumbnail size-thumbnail\" alt=\"\" \/><\/a>\n\t\t\t<\/dt><\/dl><dl class='gallery-item'>\n\t\t\t<dt class='gallery-icon landscape'>\n\t\t\t\t<a href='https:\/\/www.feuerwehr-florian.com\/wp-content\/uploads\/2021\/08\/DSC_0018.jpg' title=\"\" data-rl_title=\"\" class=\"rl-gallery-link\" data-rl_caption=\"\" data-rel=\"lightbox-gallery-1\"><img loading=\"lazy\" decoding=\"async\" width=\"250\" height=\"250\" src=\"https:\/\/www.feuerwehr-florian.com\/wp-content\/uploads\/2021\/08\/DSC_0018-250x250.jpg\" class=\"attachment-thumbnail size-thumbnail\" alt=\"\" \/><\/a>\n\t\t\t<\/dt><\/dl><br style=\"clear: both\" \/><dl class='gallery-item'>\n\t\t\t<dt class='gallery-icon landscape'>\n\t\t\t\t<a href='https:\/\/www.feuerwehr-florian.com\/wp-content\/uploads\/2021\/08\/DSC_0017.jpg' title=\"\" data-rl_title=\"\" class=\"rl-gallery-link\" data-rl_caption=\"\" data-rel=\"lightbox-gallery-1\"><img loading=\"lazy\" decoding=\"async\" width=\"250\" height=\"250\" src=\"https:\/\/www.feuerwehr-florian.com\/wp-content\/uploads\/2021\/08\/DSC_0017-250x250.jpg\" class=\"attachment-thumbnail size-thumbnail\" alt=\"\" \/><\/a>\n\t\t\t<\/dt><\/dl><dl class='gallery-item'>\n\t\t\t<dt class='gallery-icon landscape'>\n\t\t\t\t<a href='https:\/\/www.feuerwehr-florian.com\/wp-content\/uploads\/2021\/08\/DSC_0011.png' title=\"\" data-rl_title=\"\" class=\"rl-gallery-link\" data-rl_caption=\"\" data-rel=\"lightbox-gallery-1\"><img loading=\"lazy\" decoding=\"async\" width=\"250\" height=\"250\" src=\"https:\/\/www.feuerwehr-florian.com\/wp-content\/uploads\/2021\/08\/DSC_0011-250x250.png\" class=\"attachment-thumbnail size-thumbnail\" alt=\"\" \/><\/a>\n\t\t\t<\/dt><\/dl><dl class='gallery-item'>\n\t\t\t<dt class='gallery-icon portrait'>\n\t\t\t\t<a href='https:\/\/www.feuerwehr-florian.com\/wp-content\/uploads\/2021\/08\/DSC_0007.png' title=\"\" data-rl_title=\"\" class=\"rl-gallery-link\" data-rl_caption=\"\" data-rel=\"lightbox-gallery-1\"><img loading=\"lazy\" decoding=\"async\" width=\"250\" height=\"250\" src=\"https:\/\/www.feuerwehr-florian.com\/wp-content\/uploads\/2021\/08\/DSC_0007-250x250.png\" class=\"attachment-thumbnail size-thumbnail\" alt=\"\" \/><\/a>\n\t\t\t<\/dt><\/dl><br style=\"clear: both\" \/><dl class='gallery-item'>\n\t\t\t<dt class='gallery-icon portrait'>\n\t\t\t\t<a href='https:\/\/www.feuerwehr-florian.com\/wp-content\/uploads\/2021\/08\/DSC_0005.png' title=\"\" data-rl_title=\"\" class=\"rl-gallery-link\" data-rl_caption=\"\" data-rel=\"lightbox-gallery-1\"><img loading=\"lazy\" decoding=\"async\" width=\"250\" height=\"250\" src=\"https:\/\/www.feuerwehr-florian.com\/wp-content\/uploads\/2021\/08\/DSC_0005-250x250.png\" class=\"attachment-thumbnail size-thumbnail\" alt=\"\" \/><\/a>\n\t\t\t<\/dt><\/dl>\n\t\t\t<br style='clear: both' \/>\n\t\t<\/div>\n\n","protected":false},"excerpt":{"rendered":"<p>Am fr\u00fchen Nachmittag des Freitags wurde die FF St. Florian gemeinsam mit der FF Rohrbach und der BF Linz zu einem Verkehrsunfall auf die Autobahn A1 Fahrtrichtung Salzburg H\u00f6he Ebelsberger Berg alarmiert. Bereits bei der Anfahrt war die Information bekannt, dass mehrere Fahrzeuge am Unfall beteiligt waren.<\/p>\n","protected":false},"author":11,"featured_media":9258,"comment_status":"closed","ping_status":"open","sticky":false,"template":"","format":"standard","meta":{"_jetpack_memberships_contains_paid_content":false,"footnotes":"","jetpack_publicize_message":"","jetpack_publicize_feature_enabled":true,"jetpack_social_post_already_shared":true,"jetpack_social_options":{"image_generator_settings":{"template":"highway","default_image_id":0,"font":"","enabled":false},"version":2}},"categories":[208,22],"tags":[209,46,47,4,32,8,10],"class_list":["post-9252","post","type-post","status-publish","format-standard","has-post-thumbnail","hentry","category-2021-2","category-einsaetze","tag-209","tag-a1","tag-autobahn","tag-einsatz","tag-fahrzeugbergung","tag-technischer-einsatz","tag-verkehrsunfall"],"jetpack_publicize_connections":[],"jetpack_featured_media_url":"https:\/\/www.feuerwehr-florian.com\/wp-content\/uploads\/2021\/08\/DSC_0018.jpg","jetpack_sharing_enabled":true,"jetpack_likes_enabled":true,"_links":{"self":[{"href":"https:\/\/www.feuerwehr-florian.com\/index.php?rest_route=\/wp\/v2\/posts\/9252","targetHints":{"allow":["GET"]}}],"collection":[{"href":"https:\/\/www.feuerwehr-florian.com\/index.php?rest_route=\/wp\/v2\/posts"}],"about":[{"href":"https:\/\/www.feuerwehr-florian.com\/index.php?rest_route=\/wp\/v2\/types\/post"}],"author":[{"embeddable":true,"href":"https:\/\/www.feuerwehr-florian.com\/index.php?rest_route=\/wp\/v2\/users\/11"}],"replies":[{"embeddable":true,"href":"https:\/\/www.feuerwehr-florian.com\/index.php?rest_route=%2Fwp%2Fv2%2Fcomments&post=9252"}],"version-history":[{"count":3,"href":"https:\/\/www.feuerwehr-florian.com\/index.php?rest_route=\/wp\/v2\/posts\/9252\/revisions"}],"predecessor-version":[{"id":9265,"href":"https:\/\/www.feuerwehr-florian.com\/index.php?rest_route=\/wp\/v2\/posts\/9252\/revisions\/9265"}],"wp:featuredmedia":[{"embeddable":true,"href":"https:\/\/www.feuerwehr-florian.com\/index.php?rest_route=\/wp\/v2\/media\/9258"}],"wp:attachment":[{"href":"https:\/\/www.feuerwehr-florian.com\/index.php?rest_route=%2Fwp%2Fv2%2Fmedia&parent=9252"}],"wp:term":[{"taxonomy":"category","embeddable":true,"href":"https:\/\/www.feuerwehr-florian.com\/index.php?rest_route=%2Fwp%2Fv2%2Fcategories&post=9252"},{"taxonomy":"post_tag","embeddable":true,"href":"https:\/\/www.feuerwehr-florian.com\/index.php?rest_route=%2Fwp%2Fv2%2Ftags&post=9252"}],"curies":[{"name":"wp","href":"https:\/\/api.w.org\/{rel}","templated":true}]}}