{"id":9459,"date":"2022-01-05T10:53:02","date_gmt":"2022-01-05T09:53:02","guid":{"rendered":"https:\/\/www.feuerwehr-florian.com\/?p=9459"},"modified":"2022-01-12T20:24:29","modified_gmt":"2022-01-12T19:24:29","slug":"brandmeldealarm-schloss-tillysburg-2","status":"publish","type":"post","link":"https:\/\/www.feuerwehr-florian.com\/?p=9459","title":{"rendered":"Brandmeldealarm Schloss Tillysburg"},"content":{"rendered":"<p>Am 05. J\u00e4nner 2022 um 10:07 Uhr wurde die FF St. Florian gemeinsam mit der FF Bruck-Hausleiten zu einem Brandmeldealarm zum Schloss Tillysburg gerufen.<\/p>\n<p><!--more--><\/p>\n<p>Nach Erkundung durch die FF Bruck-Hausleiten konnte kein Ausl\u00f6segrund festgestellt werden. Die Kr\u00e4fte der FF St. Florian konnte somit wieder einr\u00fccken.<\/p>\n<p>Im Einsatz standen 17 Mann der FF St. Florian mit zwei Fahrzeugen (TLFA-B 2000\/200, TB 23\/12) f\u00fcr ca .30 Minuten.<\/p>\n","protected":false},"excerpt":{"rendered":"<p>Am 05. J\u00e4nner 2022 um 10:07 Uhr wurde die FF St. Florian gemeinsam mit der FF Bruck-Hausleiten zu einem Brandmeldealarm zum Schloss Tillysburg gerufen.<\/p>\n","protected":false},"author":8,"featured_media":5333,"comment_status":"closed","ping_status":"open","sticky":false,"template":"","format":"standard","meta":{"_jetpack_memberships_contains_paid_content":false,"footnotes":"","jetpack_publicize_message":"","jetpack_publicize_feature_enabled":true,"jetpack_social_post_already_shared":true,"jetpack_social_options":{"image_generator_settings":{"template":"highway","default_image_id":0,"font":"","enabled":false},"version":2}},"categories":[218,22],"tags":[219,151,29,16],"class_list":["post-9459","post","type-post","status-publish","format-standard","has-post-thumbnail","hentry","category-218","category-einsaetze","tag-219","tag-bma","tag-brandeinsatz","tag-brandmeldealarm"],"jetpack_publicize_connections":[],"jetpack_featured_media_url":"https:\/\/www.feuerwehr-florian.com\/wp-content\/uploads\/2016\/01\/cropped-Symbolfoto1-2-1.jpg","jetpack_sharing_enabled":true,"jetpack_likes_enabled":true,"_links":{"self":[{"href":"https:\/\/www.feuerwehr-florian.com\/index.php?rest_route=\/wp\/v2\/posts\/9459","targetHints":{"allow":["GET"]}}],"collection":[{"href":"https:\/\/www.feuerwehr-florian.com\/index.php?rest_route=\/wp\/v2\/posts"}],"about":[{"href":"https:\/\/www.feuerwehr-florian.com\/index.php?rest_route=\/wp\/v2\/types\/post"}],"author":[{"embeddable":true,"href":"https:\/\/www.feuerwehr-florian.com\/index.php?rest_route=\/wp\/v2\/users\/8"}],"replies":[{"embeddable":true,"href":"https:\/\/www.feuerwehr-florian.com\/index.php?rest_route=%2Fwp%2Fv2%2Fcomments&post=9459"}],"version-history":[{"count":1,"href":"https:\/\/www.feuerwehr-florian.com\/index.php?rest_route=\/wp\/v2\/posts\/9459\/revisions"}],"predecessor-version":[{"id":9460,"href":"https:\/\/www.feuerwehr-florian.com\/index.php?rest_route=\/wp\/v2\/posts\/9459\/revisions\/9460"}],"wp:featuredmedia":[{"embeddable":true,"href":"https:\/\/www.feuerwehr-florian.com\/index.php?rest_route=\/wp\/v2\/media\/5333"}],"wp:attachment":[{"href":"https:\/\/www.feuerwehr-florian.com\/index.php?rest_route=%2Fwp%2Fv2%2Fmedia&parent=9459"}],"wp:term":[{"taxonomy":"category","embeddable":true,"href":"https:\/\/www.feuerwehr-florian.com\/index.php?rest_route=%2Fwp%2Fv2%2Fcategories&post=9459"},{"taxonomy":"post_tag","embeddable":true,"href":"https:\/\/www.feuerwehr-florian.com\/index.php?rest_route=%2Fwp%2Fv2%2Ftags&post=9459"}],"curies":[{"name":"wp","href":"https:\/\/api.w.org\/{rel}","templated":true}]}}