{"id":9722,"date":"2022-04-24T13:12:24","date_gmt":"2022-04-24T11:12:24","guid":{"rendered":"https:\/\/www.feuerwehr-florian.com\/?p=9722"},"modified":"2022-04-24T16:12:07","modified_gmt":"2022-04-24T14:12:07","slug":"eingeschlossene-person-in-lift-3","status":"publish","type":"post","link":"https:\/\/www.feuerwehr-florian.com\/?p=9722","title":{"rendered":"Eingeschlossene Person in Lift"},"content":{"rendered":"<p>Am Nachmittag des 23. April 2022 wurde die FF St. Florian zu einer Personenrettung aus einem Aufzug in die Stiftstra\u00dfe alarmiert.<\/p>\n<p><!--more--><\/p>\n<p>Durch einen technischen Defekt \u00f6ffnete die Liftt\u00fcre eines Aufzugs nicht mehr und versperrte somit den Weg ins Freie f\u00fcr eine Person. Die FF St. Florian konnte die Liftt\u00fcre rasch \u00f6ffnen und die Person aus dem Aufzug befreien. Im Einsatz standen 22 Mann mit zwei Fahrzeugen eine halbe Stunde lang.<\/p>\n","protected":false},"excerpt":{"rendered":"<p>Am Nachmittag des 23. April 2022 wurde die FF St. Florian zu einer Personenrettung aus einem Aufzug in die Stiftstra\u00dfe alarmiert.<\/p>\n","protected":false},"author":2,"featured_media":5924,"comment_status":"closed","ping_status":"open","sticky":false,"template":"","format":"standard","meta":{"_jetpack_memberships_contains_paid_content":false,"footnotes":"","jetpack_publicize_message":"","jetpack_publicize_feature_enabled":true,"jetpack_social_post_already_shared":true,"jetpack_social_options":{"image_generator_settings":{"template":"highway","default_image_id":0,"font":"","enabled":false},"version":2}},"categories":[218,22],"tags":[4,8],"class_list":["post-9722","post","type-post","status-publish","format-standard","has-post-thumbnail","hentry","category-218","category-einsaetze","tag-einsatz","tag-technischer-einsatz"],"jetpack_publicize_connections":[],"jetpack_featured_media_url":"https:\/\/www.feuerwehr-florian.com\/wp-content\/uploads\/2016\/10\/Symbolfoto1.jpg","jetpack_sharing_enabled":true,"jetpack_likes_enabled":true,"_links":{"self":[{"href":"https:\/\/www.feuerwehr-florian.com\/index.php?rest_route=\/wp\/v2\/posts\/9722","targetHints":{"allow":["GET"]}}],"collection":[{"href":"https:\/\/www.feuerwehr-florian.com\/index.php?rest_route=\/wp\/v2\/posts"}],"about":[{"href":"https:\/\/www.feuerwehr-florian.com\/index.php?rest_route=\/wp\/v2\/types\/post"}],"author":[{"embeddable":true,"href":"https:\/\/www.feuerwehr-florian.com\/index.php?rest_route=\/wp\/v2\/users\/2"}],"replies":[{"embeddable":true,"href":"https:\/\/www.feuerwehr-florian.com\/index.php?rest_route=%2Fwp%2Fv2%2Fcomments&post=9722"}],"version-history":[{"count":2,"href":"https:\/\/www.feuerwehr-florian.com\/index.php?rest_route=\/wp\/v2\/posts\/9722\/revisions"}],"predecessor-version":[{"id":9725,"href":"https:\/\/www.feuerwehr-florian.com\/index.php?rest_route=\/wp\/v2\/posts\/9722\/revisions\/9725"}],"wp:featuredmedia":[{"embeddable":true,"href":"https:\/\/www.feuerwehr-florian.com\/index.php?rest_route=\/wp\/v2\/media\/5924"}],"wp:attachment":[{"href":"https:\/\/www.feuerwehr-florian.com\/index.php?rest_route=%2Fwp%2Fv2%2Fmedia&parent=9722"}],"wp:term":[{"taxonomy":"category","embeddable":true,"href":"https:\/\/www.feuerwehr-florian.com\/index.php?rest_route=%2Fwp%2Fv2%2Fcategories&post=9722"},{"taxonomy":"post_tag","embeddable":true,"href":"https:\/\/www.feuerwehr-florian.com\/index.php?rest_route=%2Fwp%2Fv2%2Ftags&post=9722"}],"curies":[{"name":"wp","href":"https:\/\/api.w.org\/{rel}","templated":true}]}}