{"id":9759,"date":"2022-04-26T09:44:39","date_gmt":"2022-04-26T07:44:39","guid":{"rendered":"https:\/\/www.feuerwehr-florian.com\/?p=9759"},"modified":"2024-11-26T23:21:12","modified_gmt":"2024-11-26T22:21:12","slug":"150-jahresvollversammlung-der-ff-st-florian","status":"publish","type":"post","link":"https:\/\/www.feuerwehr-florian.com\/?p=9759","title":{"rendered":"150. Jahresvollversammlung der FF St. Florian"},"content":{"rendered":"<p>Am Samstag den 23. April 2022 fand im Gasthaus Wimhofer die allj\u00e4hrliche Jahreshauptversammlung statt.<\/p>\n<p><!--more--><\/p>\n<p>Kommandant ABI Ronald Winkler konnte dabei zahlreiche Ehreng\u00e4ste begr\u00fc\u00dfen:<\/p>\n<ul>\n<li>Herrn B\u00fcrgermeister Bernd Sch\u00fctzeneder<\/li>\n<li>Herrn Vizeb\u00fcrgermeister Wolfgang Spatt<\/li>\n<li>Herrn Vizeb\u00fcrgermeister Michael Mollner<\/li>\n<li>Den Vertreter der FP\u00d6 Herrn Johannes Leonhartsberger<\/li>\n<li>Den Abschnittskommandanten Herrn Brandrat Johannes \u00d6mer<\/li>\n<li>Den Bezirksfeuerwehrkommandanten Herrn Oberbrandrat Helmut F\u00f6dermayr<\/li>\n<li>Den 2. Branddirektor der BF Linz Herrn Brandrat DI Stefan Leeb<\/li>\n<li>Den Vertreter der Feuerwehr Bruck Hausleiten Herrn AW Roland M\u00fcller<\/li>\n<li>Den Kommandanten der Feuerwehr Rohrbach Herrn ABI Klaus Gusenleiter<\/li>\n<li>Den Ehrenkommandant der FF Markt Herrn E-HBI Karl Pree<\/li>\n<li>Den Vertreter des Roten Kreuzes Herrn Markus Diesenreiter<\/li>\n<li>Den Vertreter der Polizei Herrn Kontrollinspektor Helmut Ramsauer<\/li>\n<\/ul>\n<p>Von der FF St. Florian wurden im Jahr 2021 insgesamt <strong>20 Brandeins\u00e4tze<\/strong> und<strong> 183 technische Eins\u00e4tze<\/strong> geleistet. Daf\u00fcr wurden von <strong>1088 Mann <\/strong>insgesamt <strong>1900 Einsatzstunden<\/strong> aufgewendet.<\/p>\n<p>Neben der Einsatzt\u00e4tigkeit wurden f\u00fcr<strong> \u00dcbungen, Bewerbsvorbereitungen,<\/strong> <strong>Schulungen und sonstigen Ausbildungst\u00e4tigkeiten<\/strong> <strong>5765 Stunden<\/strong> aufgewendet. F\u00fcr die Jugendarbeit wurden davon <strong>933 Stunden<\/strong> aufgewendet. F\u00fcr Arbeiten im Feuerwehrhaus, Organisation von Veranstaltungen, diversen Ausr\u00fcckungen, B\u00fcroarbeiten, Besprechungen und Tagungen wurden <strong>2821 Stunden<\/strong> aufgewendet.<\/p>\n<p>Unsere Kameraden opferten wertvolle Urlaubstage und besuchten <strong>22 Lehrg\u00e4nge<\/strong> und Kurse zur Weiterbildung.<\/p>\n<p><strong>9 Leistungsabzeichen<\/strong> legten unsere Feuerwehrmitglieder ab.<\/p>\n<p><strong>Bei den Aktiven wurden folgende Mitglieder bef\u00f6rdert:<\/strong><\/p>\n<ul>\n<li>Zum Feuerwehrmann bef\u00f6rdert wurden David Enzenhofer, Lena H\u00f6ll, Niklas Koller und Felix Gutenthaler.<\/li>\n<li>Zum Oberfeuerwehrmann wurde Florian Hochradner bef\u00f6rdert.<\/li>\n<li>Zum Hauptfeuerwehrmann wurden Christoph Jungmair, Daniel Koller und Florian Reininger bef\u00f6rdert.<\/li>\n<li>Zum L\u00f6schmeister wurden Elias Windtner und Felix Federnberger bef\u00f6rdert.<\/li>\n<li>Zum Oberl\u00f6schmeister wurde Andreas Lehner bef\u00f6rdert.<\/li>\n<li>Zum Hauptl\u00f6schmeister wurde Alexander Winkler bef\u00f6rdert.<\/li>\n<li>Zum Brandmeister wurde Joachim Meissl bef\u00f6rdert.<\/li>\n<\/ul>\n\n\t\t<style type=\"text\/css\">\n\t\t\t#gallery-1 {\n\t\t\t\tmargin: auto;\n\t\t\t}\n\t\t\t#gallery-1 .gallery-item {\n\t\t\t\tfloat: left;\n\t\t\t\tmargin-top: 10px;\n\t\t\t\ttext-align: center;\n\t\t\t\twidth: 33%;\n\t\t\t}\n\t\t\t#gallery-1 img {\n\t\t\t\tborder: 2px solid #cfcfcf;\n\t\t\t}\n\t\t\t#gallery-1 .gallery-caption {\n\t\t\t\tmargin-left: 0;\n\t\t\t}\n\t\t\t\/* see gallery_shortcode() in wp-includes\/media.php *\/\n\t\t<\/style>\n\t\t<div id='gallery-1' class='gallery galleryid-9759 gallery-columns-3 gallery-size-thumbnail'><dl class='gallery-item'>\n\t\t\t<dt class='gallery-icon landscape'>\n\t\t\t\t<a href='https:\/\/www.feuerwehr-florian.com\/wp-content\/uploads\/2022\/04\/IMG_6225.jpg' title=\"\" data-rl_title=\"\" class=\"rl-gallery-link\" data-rl_caption=\"\" data-rel=\"lightbox-gallery-1\"><img loading=\"lazy\" decoding=\"async\" width=\"250\" height=\"250\" src=\"https:\/\/www.feuerwehr-florian.com\/wp-content\/uploads\/2022\/04\/IMG_6225-250x250.jpg\" class=\"attachment-thumbnail size-thumbnail\" alt=\"\" \/><\/a>\n\t\t\t<\/dt><\/dl><dl class='gallery-item'>\n\t\t\t<dt class='gallery-icon landscape'>\n\t\t\t\t<a href='https:\/\/www.feuerwehr-florian.com\/wp-content\/uploads\/2022\/04\/IMG_6216.jpg' title=\"\" data-rl_title=\"\" class=\"rl-gallery-link\" data-rl_caption=\"\" data-rel=\"lightbox-gallery-1\"><img loading=\"lazy\" decoding=\"async\" width=\"250\" height=\"250\" src=\"https:\/\/www.feuerwehr-florian.com\/wp-content\/uploads\/2022\/04\/IMG_6216-250x250.jpg\" class=\"attachment-thumbnail size-thumbnail\" alt=\"\" \/><\/a>\n\t\t\t<\/dt><\/dl>\n\t\t\t<br style='clear: both' \/>\n\t\t<\/div>\n\n<p><strong>Jugendfeuerwehr:<\/strong><\/p>\n<p>Zur Zeit sind <strong>\u00fcber 20 Jugendfeuerwehrmitglieder<\/strong> bei der Marktfeuerwehr aktiv.<\/p>\n<p><strong>Veranstaltungen der Jugendfeuerwehr im Jahr 2021:<\/strong><\/p>\n<ul>\n<li>Erprobung<\/li>\n<li>Bezirksbewerb in Traun<\/li>\n<li>Eine Nacht bei der Feuerwehr<\/li>\n<li>Friedenslichtaktion vom ORF<\/li>\n<\/ul>\n<p>Trotz schwieriger Rahmenbedingungen im Jahr 2021 konnte die Jugendfeuerwehr einen Mitgliederzuwachs generieren.<\/p>\n<p>Ablegung der <strong>1. Erprobung:<\/strong> Johanna Ebner und Santiago Waibel.<br \/>\nDie <strong>2. Erprobung<\/strong> legten Nora Grottenthaler und Julia Werner ab.<\/p>\n\n\t\t<style type=\"text\/css\">\n\t\t\t#gallery-2 {\n\t\t\t\tmargin: auto;\n\t\t\t}\n\t\t\t#gallery-2 .gallery-item {\n\t\t\t\tfloat: left;\n\t\t\t\tmargin-top: 10px;\n\t\t\t\ttext-align: center;\n\t\t\t\twidth: 33%;\n\t\t\t}\n\t\t\t#gallery-2 img {\n\t\t\t\tborder: 2px solid #cfcfcf;\n\t\t\t}\n\t\t\t#gallery-2 .gallery-caption {\n\t\t\t\tmargin-left: 0;\n\t\t\t}\n\t\t\t\/* see gallery_shortcode() in wp-includes\/media.php *\/\n\t\t<\/style>\n\t\t<div id='gallery-2' class='gallery galleryid-9759 gallery-columns-3 gallery-size-thumbnail'><dl class='gallery-item'>\n\t\t\t<dt class='gallery-icon landscape'>\n\t\t\t\t<a href='https:\/\/www.feuerwehr-florian.com\/wp-content\/uploads\/2022\/04\/IMG_7391_Original.jpg' title=\"\" data-rl_title=\"\" class=\"rl-gallery-link\" data-rl_caption=\"\" data-rel=\"lightbox-gallery-2\"><img loading=\"lazy\" decoding=\"async\" width=\"250\" height=\"250\" src=\"https:\/\/www.feuerwehr-florian.com\/wp-content\/uploads\/2022\/04\/IMG_7391_Original-250x250.jpg\" class=\"attachment-thumbnail size-thumbnail\" alt=\"\" \/><\/a>\n\t\t\t<\/dt><\/dl><dl class='gallery-item'>\n\t\t\t<dt class='gallery-icon landscape'>\n\t\t\t\t<a href='https:\/\/www.feuerwehr-florian.com\/wp-content\/uploads\/2022\/04\/IMG_7399_Original.jpg' title=\"\" data-rl_title=\"\" class=\"rl-gallery-link\" data-rl_caption=\"\" data-rel=\"lightbox-gallery-2\"><img loading=\"lazy\" decoding=\"async\" width=\"250\" height=\"250\" src=\"https:\/\/www.feuerwehr-florian.com\/wp-content\/uploads\/2022\/04\/IMG_7399_Original-250x250.jpg\" class=\"attachment-thumbnail size-thumbnail\" alt=\"\" \/><\/a>\n\t\t\t<\/dt><\/dl>\n\t\t\t<br style='clear: both' \/>\n\t\t<\/div>\n\n","protected":false},"excerpt":{"rendered":"<p>Am Samstag den 23. April 2022 fand im Gasthaus Wimhofer die allj\u00e4hrliche Jahreshauptversammlung statt.<\/p>\n","protected":false},"author":2,"featured_media":9762,"comment_status":"closed","ping_status":"open","sticky":false,"template":"","format":"standard","meta":{"_jetpack_memberships_contains_paid_content":false,"footnotes":"","jetpack_publicize_message":"","jetpack_publicize_feature_enabled":true,"jetpack_social_post_already_shared":true,"jetpack_social_options":{"image_generator_settings":{"template":"highway","default_image_id":0,"font":"","enabled":false},"version":2}},"categories":[218,223],"tags":[],"class_list":["post-9759","post","type-post","status-publish","format-standard","has-post-thumbnail","hentry","category-218","category-veranstaltung"],"jetpack_publicize_connections":[],"jetpack_featured_media_url":"https:\/\/www.feuerwehr-florian.com\/wp-content\/uploads\/2022\/04\/IMG_7399_Original.jpg","jetpack_sharing_enabled":true,"jetpack_likes_enabled":true,"_links":{"self":[{"href":"https:\/\/www.feuerwehr-florian.com\/index.php?rest_route=\/wp\/v2\/posts\/9759","targetHints":{"allow":["GET"]}}],"collection":[{"href":"https:\/\/www.feuerwehr-florian.com\/index.php?rest_route=\/wp\/v2\/posts"}],"about":[{"href":"https:\/\/www.feuerwehr-florian.com\/index.php?rest_route=\/wp\/v2\/types\/post"}],"author":[{"embeddable":true,"href":"https:\/\/www.feuerwehr-florian.com\/index.php?rest_route=\/wp\/v2\/users\/2"}],"replies":[{"embeddable":true,"href":"https:\/\/www.feuerwehr-florian.com\/index.php?rest_route=%2Fwp%2Fv2%2Fcomments&post=9759"}],"version-history":[{"count":4,"href":"https:\/\/www.feuerwehr-florian.com\/index.php?rest_route=\/wp\/v2\/posts\/9759\/revisions"}],"predecessor-version":[{"id":9830,"href":"https:\/\/www.feuerwehr-florian.com\/index.php?rest_route=\/wp\/v2\/posts\/9759\/revisions\/9830"}],"wp:featuredmedia":[{"embeddable":true,"href":"https:\/\/www.feuerwehr-florian.com\/index.php?rest_route=\/wp\/v2\/media\/9762"}],"wp:attachment":[{"href":"https:\/\/www.feuerwehr-florian.com\/index.php?rest_route=%2Fwp%2Fv2%2Fmedia&parent=9759"}],"wp:term":[{"taxonomy":"category","embeddable":true,"href":"https:\/\/www.feuerwehr-florian.com\/index.php?rest_route=%2Fwp%2Fv2%2Fcategories&post=9759"},{"taxonomy":"post_tag","embeddable":true,"href":"https:\/\/www.feuerwehr-florian.com\/index.php?rest_route=%2Fwp%2Fv2%2Ftags&post=9759"}],"curies":[{"name":"wp","href":"https:\/\/api.w.org\/{rel}","templated":true}]}}