{"id":9848,"date":"2022-06-01T06:50:55","date_gmt":"2022-06-01T04:50:55","guid":{"rendered":"https:\/\/www.feuerwehr-florian.com\/?p=9848"},"modified":"2024-11-26T23:21:12","modified_gmt":"2024-11-26T22:21:12","slug":"tag-der-einsatzkraefte-in-der-stiftsbasilika-2","status":"publish","type":"post","link":"https:\/\/www.feuerwehr-florian.com\/?p=9848","title":{"rendered":"Tag der Einsatzkr\u00e4fte in der Stiftsbasilika"},"content":{"rendered":"<p>Der diesj\u00e4hrige Tag der Einsatzkr\u00e4fte wurde als Abendmesse gefeiert. Neben zahlreichen Vertretern der Einsatzorganisationen und vielen Ehreng\u00e4sten konnten wir auch Bezirkshauptmann Manfred Hageneder, den Bezirkskommandanten Helmut F\u00f6dermayr, Abschnittskommandant Johannes \u00d6mer und Vizeb\u00fcrgermeister Wolfgang Spat begr\u00fc\u00dfen.<\/p>\n<p><!--more--><\/p>\n<p>Wetterbedingt wurden die Ehrungen und Auszeichnungen verdienter Feuerwehrkameraden in der Stiftsbasilika abgehalten.<\/p>\n<p>Die <strong>Bezirksverdienstmedaille in Bronze<\/strong> erhielten die Kameraden <strong>Michael Kastner<\/strong> und <strong>Stefan Reslhuber<\/strong>.<br \/>\nDie <strong>Bezirksverdienstmedaille in Silber<\/strong> erhielt <strong>Bernhard Wimmer<\/strong> und <strong>Peter K\u00f6hler<\/strong>.<\/p>\n<p>Die <strong>25- j\u00e4hrige Feuerwehrdienstmedaille<\/strong> erhielten <strong>Martin Baier, J\u00fcrgen Jungwirth, Peter Jungwirth <\/strong>und <strong>Werner Mayer<\/strong>.<br \/>\nDie <strong>50- j\u00e4hrige Feuerwehrdienstmedaille<\/strong> erhielt <strong>Karl Pree<\/strong>.<br \/>\nF\u00fcr <strong>60 Jahre Feuerwehrdienst<\/strong> wurde <strong>Roman Larndorfer<\/strong> eine Ehrenurkunde \u00fcberreicht.<\/p>\n<p>F\u00fcr bereits <strong>80 Jahre<\/strong> wurde unser Kameraden <strong>Anton Kiener<\/strong> in Abwesenheit ebenfalls mit einer Ehrenurkunde ausgezeichnet.<\/p>\n<p>F\u00fcr seine langj\u00e4hrige Feuerwehrt\u00e4tigkeit erhielt <strong>E-AW Kurt Jungwirth das Bundesverdienstzeichen III Stufe in Bronze<\/strong>.<\/p>\n<p>Danach folgte eine Kranzniederlegung beim Kriegerdenkmal und die Fahrzeugsegnung unseres neuen Mannschaftstransportfahrzeuges sowie eines Fahrzeuges der Feuerwehr Bruck Hausleiten. Als Abschluss fand im Marmorsaal bei einer Agape die Auftaktveranstaltung zum 150-j\u00e4hrigen Jubil\u00e4um der FF St. Florian statt.<\/p>\n\n\t\t<style type=\"text\/css\">\n\t\t\t#gallery-1 {\n\t\t\t\tmargin: auto;\n\t\t\t}\n\t\t\t#gallery-1 .gallery-item {\n\t\t\t\tfloat: left;\n\t\t\t\tmargin-top: 10px;\n\t\t\t\ttext-align: center;\n\t\t\t\twidth: 33%;\n\t\t\t}\n\t\t\t#gallery-1 img {\n\t\t\t\tborder: 2px solid #cfcfcf;\n\t\t\t}\n\t\t\t#gallery-1 .gallery-caption {\n\t\t\t\tmargin-left: 0;\n\t\t\t}\n\t\t\t\/* see gallery_shortcode() in wp-includes\/media.php *\/\n\t\t<\/style>\n\t\t<div id='gallery-1' class='gallery galleryid-9848 gallery-columns-3 gallery-size-thumbnail'><dl class='gallery-item'>\n\t\t\t<dt class='gallery-icon portrait'>\n\t\t\t\t<a href='https:\/\/www.feuerwehr-florian.com\/wp-content\/uploads\/2022\/06\/1.jpg' title=\"\" data-rl_title=\"\" class=\"rl-gallery-link\" data-rl_caption=\"\" data-rel=\"lightbox-gallery-1\"><img loading=\"lazy\" decoding=\"async\" width=\"250\" height=\"250\" src=\"https:\/\/www.feuerwehr-florian.com\/wp-content\/uploads\/2022\/06\/1-250x250.jpg\" class=\"attachment-thumbnail size-thumbnail\" alt=\"\" \/><\/a>\n\t\t\t<\/dt><\/dl><dl class='gallery-item'>\n\t\t\t<dt class='gallery-icon portrait'>\n\t\t\t\t<a href='https:\/\/www.feuerwehr-florian.com\/wp-content\/uploads\/2022\/06\/2.jpg' title=\"\" data-rl_title=\"\" class=\"rl-gallery-link\" data-rl_caption=\"\" data-rel=\"lightbox-gallery-1\"><img loading=\"lazy\" decoding=\"async\" width=\"250\" height=\"250\" src=\"https:\/\/www.feuerwehr-florian.com\/wp-content\/uploads\/2022\/06\/2-250x250.jpg\" class=\"attachment-thumbnail size-thumbnail\" alt=\"\" \/><\/a>\n\t\t\t<\/dt><\/dl><dl class='gallery-item'>\n\t\t\t<dt class='gallery-icon landscape'>\n\t\t\t\t<a href='https:\/\/www.feuerwehr-florian.com\/wp-content\/uploads\/2022\/06\/3.jpg' title=\"\" data-rl_title=\"\" class=\"rl-gallery-link\" data-rl_caption=\"\" data-rel=\"lightbox-gallery-1\"><img loading=\"lazy\" decoding=\"async\" width=\"250\" height=\"250\" src=\"https:\/\/www.feuerwehr-florian.com\/wp-content\/uploads\/2022\/06\/3-250x250.jpg\" class=\"attachment-thumbnail size-thumbnail\" alt=\"\" \/><\/a>\n\t\t\t<\/dt><\/dl><br style=\"clear: both\" \/><dl class='gallery-item'>\n\t\t\t<dt class='gallery-icon landscape'>\n\t\t\t\t<a href='https:\/\/www.feuerwehr-florian.com\/wp-content\/uploads\/2022\/06\/4.jpg' title=\"\" data-rl_title=\"\" class=\"rl-gallery-link\" data-rl_caption=\"\" data-rel=\"lightbox-gallery-1\"><img loading=\"lazy\" decoding=\"async\" width=\"250\" height=\"250\" src=\"https:\/\/www.feuerwehr-florian.com\/wp-content\/uploads\/2022\/06\/4-250x250.jpg\" class=\"attachment-thumbnail size-thumbnail\" alt=\"\" \/><\/a>\n\t\t\t<\/dt><\/dl><dl class='gallery-item'>\n\t\t\t<dt class='gallery-icon landscape'>\n\t\t\t\t<a href='https:\/\/www.feuerwehr-florian.com\/wp-content\/uploads\/2022\/06\/5.jpg' title=\"\" data-rl_title=\"\" class=\"rl-gallery-link\" data-rl_caption=\"\" data-rel=\"lightbox-gallery-1\"><img loading=\"lazy\" decoding=\"async\" width=\"250\" height=\"250\" src=\"https:\/\/www.feuerwehr-florian.com\/wp-content\/uploads\/2022\/06\/5-250x250.jpg\" class=\"attachment-thumbnail size-thumbnail\" alt=\"\" \/><\/a>\n\t\t\t<\/dt><\/dl><dl class='gallery-item'>\n\t\t\t<dt class='gallery-icon landscape'>\n\t\t\t\t<a href='https:\/\/www.feuerwehr-florian.com\/wp-content\/uploads\/2022\/06\/6.jpg' title=\"\" data-rl_title=\"\" class=\"rl-gallery-link\" data-rl_caption=\"\" data-rel=\"lightbox-gallery-1\"><img loading=\"lazy\" decoding=\"async\" width=\"250\" height=\"250\" src=\"https:\/\/www.feuerwehr-florian.com\/wp-content\/uploads\/2022\/06\/6-250x250.jpg\" class=\"attachment-thumbnail size-thumbnail\" alt=\"\" \/><\/a>\n\t\t\t<\/dt><\/dl><br style=\"clear: both\" \/>\n\t\t<\/div>\n\n","protected":false},"excerpt":{"rendered":"<p>Der diesj\u00e4hrige Tag der Einsatzkr\u00e4fte wurde als Abendmesse gefeiert. Neben zahlreichen Vertretern der Einsatzorganisationen und vielen Ehreng\u00e4sten konnten wir auch Bezirkshauptmann Manfred Hageneder, den Bezirkskommandanten Helmut F\u00f6dermayr, Abschnittskommandant Johannes \u00d6mer und Vizeb\u00fcrgermeister Wolfgang Spat begr\u00fc\u00dfen.<\/p>\n","protected":false},"author":2,"featured_media":9852,"comment_status":"closed","ping_status":"open","sticky":false,"template":"","format":"standard","meta":{"_jetpack_memberships_contains_paid_content":false,"footnotes":"","jetpack_publicize_message":"","jetpack_publicize_feature_enabled":true,"jetpack_social_post_already_shared":true,"jetpack_social_options":{"image_generator_settings":{"template":"highway","default_image_id":0,"font":"","enabled":false},"version":2}},"categories":[218,223],"tags":[219],"class_list":["post-9848","post","type-post","status-publish","format-standard","has-post-thumbnail","hentry","category-218","category-veranstaltung","tag-219"],"jetpack_publicize_connections":[],"jetpack_featured_media_url":"https:\/\/www.feuerwehr-florian.com\/wp-content\/uploads\/2022\/06\/4.jpg","jetpack_sharing_enabled":true,"jetpack_likes_enabled":true,"_links":{"self":[{"href":"https:\/\/www.feuerwehr-florian.com\/index.php?rest_route=\/wp\/v2\/posts\/9848","targetHints":{"allow":["GET"]}}],"collection":[{"href":"https:\/\/www.feuerwehr-florian.com\/index.php?rest_route=\/wp\/v2\/posts"}],"about":[{"href":"https:\/\/www.feuerwehr-florian.com\/index.php?rest_route=\/wp\/v2\/types\/post"}],"author":[{"embeddable":true,"href":"https:\/\/www.feuerwehr-florian.com\/index.php?rest_route=\/wp\/v2\/users\/2"}],"replies":[{"embeddable":true,"href":"https:\/\/www.feuerwehr-florian.com\/index.php?rest_route=%2Fwp%2Fv2%2Fcomments&post=9848"}],"version-history":[{"count":1,"href":"https:\/\/www.feuerwehr-florian.com\/index.php?rest_route=\/wp\/v2\/posts\/9848\/revisions"}],"predecessor-version":[{"id":9855,"href":"https:\/\/www.feuerwehr-florian.com\/index.php?rest_route=\/wp\/v2\/posts\/9848\/revisions\/9855"}],"wp:featuredmedia":[{"embeddable":true,"href":"https:\/\/www.feuerwehr-florian.com\/index.php?rest_route=\/wp\/v2\/media\/9852"}],"wp:attachment":[{"href":"https:\/\/www.feuerwehr-florian.com\/index.php?rest_route=%2Fwp%2Fv2%2Fmedia&parent=9848"}],"wp:term":[{"taxonomy":"category","embeddable":true,"href":"https:\/\/www.feuerwehr-florian.com\/index.php?rest_route=%2Fwp%2Fv2%2Fcategories&post=9848"},{"taxonomy":"post_tag","embeddable":true,"href":"https:\/\/www.feuerwehr-florian.com\/index.php?rest_route=%2Fwp%2Fv2%2Ftags&post=9848"}],"curies":[{"name":"wp","href":"https:\/\/api.w.org\/{rel}","templated":true}]}}