{"id":9880,"date":"2022-06-07T09:16:45","date_gmt":"2022-06-07T07:16:45","guid":{"rendered":"https:\/\/www.feuerwehr-florian.com\/?p=9880"},"modified":"2022-12-27T15:56:41","modified_gmt":"2022-12-27T14:56:41","slug":"oelspur-im-gemeindegebiet-3","status":"publish","type":"post","link":"https:\/\/www.feuerwehr-florian.com\/?p=9880","title":{"rendered":"\u00d6lspur im Gemeindegebiet"},"content":{"rendered":"<p>Am Vormittag des 7. Juni wurde die FF St. Florian zu einer \u00d6lspur alarmiert.<\/p>\n<p><!--more--><\/p>\n<p>Eine Moped-Lenkerin kam zu Sturz, woraufhin ein kleine Menge an \u00d6l austrat. Im Bereich der Thannstra\u00dfe sowie am Spar-Parkplatz wurde das ausgetretene \u00d6l mittels \u00d6lbindemittel gebunden und die Fahrbahn gereinigt.<\/p>\n<p>Im Einsatz standen 12 Personen f\u00fcr ca. 40 Minuten.<\/p>\n<p>&nbsp;<\/p>\n","protected":false},"excerpt":{"rendered":"<p>Am Vormittag des 7. Juni wurde die FF St. Florian zu einer \u00d6lspur alarmiert.<\/p>\n","protected":false},"author":11,"featured_media":5927,"comment_status":"closed","ping_status":"open","sticky":false,"template":"","format":"standard","meta":{"_jetpack_memberships_contains_paid_content":false,"footnotes":"","jetpack_publicize_message":"","jetpack_publicize_feature_enabled":true,"jetpack_social_post_already_shared":true,"jetpack_social_options":{"image_generator_settings":{"template":"highway","default_image_id":0,"font":"","enabled":false},"version":2}},"categories":[218,22],"tags":[],"class_list":["post-9880","post","type-post","status-publish","format-standard","has-post-thumbnail","hentry","category-218","category-einsaetze"],"jetpack_publicize_connections":[],"jetpack_featured_media_url":"https:\/\/www.feuerwehr-florian.com\/wp-content\/uploads\/2016\/10\/Symbolfoto4.jpg","jetpack_sharing_enabled":true,"jetpack_likes_enabled":true,"_links":{"self":[{"href":"https:\/\/www.feuerwehr-florian.com\/index.php?rest_route=\/wp\/v2\/posts\/9880","targetHints":{"allow":["GET"]}}],"collection":[{"href":"https:\/\/www.feuerwehr-florian.com\/index.php?rest_route=\/wp\/v2\/posts"}],"about":[{"href":"https:\/\/www.feuerwehr-florian.com\/index.php?rest_route=\/wp\/v2\/types\/post"}],"author":[{"embeddable":true,"href":"https:\/\/www.feuerwehr-florian.com\/index.php?rest_route=\/wp\/v2\/users\/11"}],"replies":[{"embeddable":true,"href":"https:\/\/www.feuerwehr-florian.com\/index.php?rest_route=%2Fwp%2Fv2%2Fcomments&post=9880"}],"version-history":[{"count":2,"href":"https:\/\/www.feuerwehr-florian.com\/index.php?rest_route=\/wp\/v2\/posts\/9880\/revisions"}],"predecessor-version":[{"id":9890,"href":"https:\/\/www.feuerwehr-florian.com\/index.php?rest_route=\/wp\/v2\/posts\/9880\/revisions\/9890"}],"wp:featuredmedia":[{"embeddable":true,"href":"https:\/\/www.feuerwehr-florian.com\/index.php?rest_route=\/wp\/v2\/media\/5927"}],"wp:attachment":[{"href":"https:\/\/www.feuerwehr-florian.com\/index.php?rest_route=%2Fwp%2Fv2%2Fmedia&parent=9880"}],"wp:term":[{"taxonomy":"category","embeddable":true,"href":"https:\/\/www.feuerwehr-florian.com\/index.php?rest_route=%2Fwp%2Fv2%2Fcategories&post=9880"},{"taxonomy":"post_tag","embeddable":true,"href":"https:\/\/www.feuerwehr-florian.com\/index.php?rest_route=%2Fwp%2Fv2%2Ftags&post=9880"}],"curies":[{"name":"wp","href":"https:\/\/api.w.org\/{rel}","templated":true}]}}