{"id":9887,"date":"2022-06-07T21:57:55","date_gmt":"2022-06-07T19:57:55","guid":{"rendered":"https:\/\/www.feuerwehr-florian.com\/?p=9887"},"modified":"2022-11-20T16:52:09","modified_gmt":"2022-11-20T15:52:09","slug":"fahrzeug-und-geraetewartuebung","status":"publish","type":"post","link":"https:\/\/www.feuerwehr-florian.com\/?p=9887","title":{"rendered":"Fahrzeug- und Ger\u00e4tewart\u00fcbung"},"content":{"rendered":"<p>Heute stand bei der w\u00f6chentlichen \u00dcbung der &#8222;Fahrzeug-Dienstag&#8220; am Programm.<\/p>\n<p><!--more--><\/p>\n<p>Jeden ersten Dienstag im Monat findet im Rahmen der w\u00f6chentlichen Feuerwehr\u00fcbung die Fahrzeug- und Ger\u00e4tewart\u00fcbung statt. Dabei werden s\u00e4mtliche <a href=\"https:\/\/www.feuerwehr-florian.com\/?page_id=2804\">Fahrzeuge<\/a> und <a href=\"https:\/\/www.feuerwehr-florian.com\/?page_id=2810\">Ger\u00e4tschaften<\/a> auf ihre Funktionst\u00fcchtigkeit gepr\u00fcft. Somit wird gew\u00e4hrleistet, dass im Ernstfall all unsere Ausr\u00fcstungsgegenst\u00e4nde zu 100% funktionsf\u00e4hig sind.<\/p>\n<p>Hier ein Auszug an T\u00e4tigkeiten, die bei der Fahrzeug- und Ger\u00e4tewart\u00fcbung ausgef\u00fchrt werden:<\/p>\n<ul>\n<li>Funktionstest aller kraftbetriebenen Aggregate (wie beispielsweise Hochleistungsl\u00fcfter, Notstromaggregate, Tragkraftspritzen, Motors\u00e4gen, etc&#8230;)<\/li>\n<li>Funktionstest aller elektrischen und akkubetriebenen Betriebsmittel (Funkger\u00e4te, Handscheinwerfer, W\u00e4rmebildkamera, Akku-Winkelschleifer)<\/li>\n<li>Kontrolle technischer Einrichtungen an allen Fahrzeugen (Motor\u00f6lstand, K\u00fchlfl\u00fcssigkeitsstand, Bremsfl\u00fcssigkeit, etc&#8230;)<\/li>\n<li>Kontrolle s\u00e4mtlicher Beleuchtungen (Blaulichter, Verkehrsleiteinrichtungen, Umfeldbeleuchtung, Fahrzeugbeleuchtung)<\/li>\n<li>Kontrolle aller Fahrzeuge auf die Vollst\u00e4ndigkeit gem\u00e4\u00df Beladeplan<\/li>\n<li>Bestandsaufnahme im KAT-Lager (Materialien, die bei Katastrophenf\u00e4llen wie Hochwasser oder Sturmkatastrophen zum Einsatz kommen)<\/li>\n<li>Bestandsaufnahme Rollcontainersystem (Schlauchcontainer, Schadstoffcontainer, P\u00f6lzholzcontainer, etc.)<\/li>\n<li>Reinigung der Fahrzeughalle und der Einsatzzentrale<\/li>\n<\/ul>\n<p>An der \u00dcbung nahmen 37 Mitglieder teil.<\/p>\n\n\t\t<style type=\"text\/css\">\n\t\t\t#gallery-1 {\n\t\t\t\tmargin: auto;\n\t\t\t}\n\t\t\t#gallery-1 .gallery-item {\n\t\t\t\tfloat: left;\n\t\t\t\tmargin-top: 10px;\n\t\t\t\ttext-align: center;\n\t\t\t\twidth: 33%;\n\t\t\t}\n\t\t\t#gallery-1 img {\n\t\t\t\tborder: 2px solid #cfcfcf;\n\t\t\t}\n\t\t\t#gallery-1 .gallery-caption {\n\t\t\t\tmargin-left: 0;\n\t\t\t}\n\t\t\t\/* see gallery_shortcode() in wp-includes\/media.php *\/\n\t\t<\/style>\n\t\t<div id='gallery-1' class='gallery galleryid-9887 gallery-columns-3 gallery-size-thumbnail'><dl class='gallery-item'>\n\t\t\t<dt class='gallery-icon landscape'>\n\t\t\t\t<a href='https:\/\/www.feuerwehr-florian.com\/wp-content\/uploads\/2022\/06\/IMG_4562.jpeg' title=\"\" data-rl_title=\"\" class=\"rl-gallery-link\" data-rl_caption=\"\" data-rel=\"lightbox-gallery-1\"><img loading=\"lazy\" decoding=\"async\" width=\"250\" height=\"250\" src=\"https:\/\/www.feuerwehr-florian.com\/wp-content\/uploads\/2022\/06\/IMG_4562-250x250.jpeg\" class=\"attachment-thumbnail size-thumbnail\" alt=\"\" \/><\/a>\n\t\t\t<\/dt><\/dl><dl class='gallery-item'>\n\t\t\t<dt class='gallery-icon landscape'>\n\t\t\t\t<a href='https:\/\/www.feuerwehr-florian.com\/wp-content\/uploads\/2022\/06\/IMG_4561.jpeg' title=\"\" data-rl_title=\"\" class=\"rl-gallery-link\" data-rl_caption=\"\" data-rel=\"lightbox-gallery-1\"><img loading=\"lazy\" decoding=\"async\" width=\"250\" height=\"250\" src=\"https:\/\/www.feuerwehr-florian.com\/wp-content\/uploads\/2022\/06\/IMG_4561-250x250.jpeg\" class=\"attachment-thumbnail size-thumbnail\" alt=\"\" \/><\/a>\n\t\t\t<\/dt><\/dl><dl class='gallery-item'>\n\t\t\t<dt class='gallery-icon landscape'>\n\t\t\t\t<a href='https:\/\/www.feuerwehr-florian.com\/wp-content\/uploads\/2022\/06\/IMG_4560.jpeg' title=\"\" data-rl_title=\"\" class=\"rl-gallery-link\" data-rl_caption=\"\" data-rel=\"lightbox-gallery-1\"><img loading=\"lazy\" decoding=\"async\" width=\"250\" height=\"250\" src=\"https:\/\/www.feuerwehr-florian.com\/wp-content\/uploads\/2022\/06\/IMG_4560-250x250.jpeg\" class=\"attachment-thumbnail size-thumbnail\" alt=\"\" \/><\/a>\n\t\t\t<\/dt><\/dl><br style=\"clear: both\" \/><dl class='gallery-item'>\n\t\t\t<dt class='gallery-icon landscape'>\n\t\t\t\t<a href='https:\/\/www.feuerwehr-florian.com\/wp-content\/uploads\/2022\/06\/IMG_4571.jpeg' title=\"\" data-rl_title=\"\" class=\"rl-gallery-link\" data-rl_caption=\"\" data-rel=\"lightbox-gallery-1\"><img loading=\"lazy\" decoding=\"async\" width=\"250\" height=\"250\" src=\"https:\/\/www.feuerwehr-florian.com\/wp-content\/uploads\/2022\/06\/IMG_4571-250x250.jpeg\" class=\"attachment-thumbnail size-thumbnail\" alt=\"\" \/><\/a>\n\t\t\t<\/dt><\/dl><dl class='gallery-item'>\n\t\t\t<dt class='gallery-icon landscape'>\n\t\t\t\t<a href='https:\/\/www.feuerwehr-florian.com\/wp-content\/uploads\/2022\/06\/IMG_4563.jpeg' title=\"\" data-rl_title=\"\" class=\"rl-gallery-link\" data-rl_caption=\"\" data-rel=\"lightbox-gallery-1\"><img loading=\"lazy\" decoding=\"async\" width=\"250\" height=\"250\" src=\"https:\/\/www.feuerwehr-florian.com\/wp-content\/uploads\/2022\/06\/IMG_4563-250x250.jpeg\" class=\"attachment-thumbnail size-thumbnail\" alt=\"\" \/><\/a>\n\t\t\t<\/dt><\/dl>\n\t\t\t<br style='clear: both' \/>\n\t\t<\/div>\n\n<p>&nbsp;<\/p>\n","protected":false},"excerpt":{"rendered":"<p>Heute stand bei der w\u00f6chentlichen \u00dcbung der &#8222;Fahrzeug-Dienstag&#8220; am Programm.<\/p>\n","protected":false},"author":11,"featured_media":9882,"comment_status":"closed","ping_status":"open","sticky":false,"template":"","format":"standard","meta":{"_jetpack_memberships_contains_paid_content":false,"footnotes":"","jetpack_publicize_message":"","jetpack_publicize_feature_enabled":true,"jetpack_social_post_already_shared":true,"jetpack_social_options":{"image_generator_settings":{"template":"highway","default_image_id":0,"font":"","enabled":false},"version":2}},"categories":[218,74],"tags":[],"class_list":["post-9887","post","type-post","status-publish","format-standard","has-post-thumbnail","hentry","category-218","category-uebungen-ausbildungen"],"jetpack_publicize_connections":[],"jetpack_featured_media_url":"https:\/\/www.feuerwehr-florian.com\/wp-content\/uploads\/2022\/06\/IMG_4563.jpeg","jetpack_sharing_enabled":true,"jetpack_likes_enabled":true,"_links":{"self":[{"href":"https:\/\/www.feuerwehr-florian.com\/index.php?rest_route=\/wp\/v2\/posts\/9887","targetHints":{"allow":["GET"]}}],"collection":[{"href":"https:\/\/www.feuerwehr-florian.com\/index.php?rest_route=\/wp\/v2\/posts"}],"about":[{"href":"https:\/\/www.feuerwehr-florian.com\/index.php?rest_route=\/wp\/v2\/types\/post"}],"author":[{"embeddable":true,"href":"https:\/\/www.feuerwehr-florian.com\/index.php?rest_route=\/wp\/v2\/users\/11"}],"replies":[{"embeddable":true,"href":"https:\/\/www.feuerwehr-florian.com\/index.php?rest_route=%2Fwp%2Fv2%2Fcomments&post=9887"}],"version-history":[{"count":2,"href":"https:\/\/www.feuerwehr-florian.com\/index.php?rest_route=\/wp\/v2\/posts\/9887\/revisions"}],"predecessor-version":[{"id":9889,"href":"https:\/\/www.feuerwehr-florian.com\/index.php?rest_route=\/wp\/v2\/posts\/9887\/revisions\/9889"}],"wp:featuredmedia":[{"embeddable":true,"href":"https:\/\/www.feuerwehr-florian.com\/index.php?rest_route=\/wp\/v2\/media\/9882"}],"wp:attachment":[{"href":"https:\/\/www.feuerwehr-florian.com\/index.php?rest_route=%2Fwp%2Fv2%2Fmedia&parent=9887"}],"wp:term":[{"taxonomy":"category","embeddable":true,"href":"https:\/\/www.feuerwehr-florian.com\/index.php?rest_route=%2Fwp%2Fv2%2Fcategories&post=9887"},{"taxonomy":"post_tag","embeddable":true,"href":"https:\/\/www.feuerwehr-florian.com\/index.php?rest_route=%2Fwp%2Fv2%2Ftags&post=9887"}],"curies":[{"name":"wp","href":"https:\/\/api.w.org\/{rel}","templated":true}]}}