{"id":9917,"date":"2022-06-27T22:36:06","date_gmt":"2022-06-27T20:36:06","guid":{"rendered":"https:\/\/www.feuerwehr-florian.com\/?p=9917"},"modified":"2022-06-27T22:49:01","modified_gmt":"2022-06-27T20:49:01","slug":"mehrere-sturmeinsaetze-im-gemeindegebiet","status":"publish","type":"post","link":"https:\/\/www.feuerwehr-florian.com\/?p=9917","title":{"rendered":"Mehrere Sturmeins\u00e4tze im Gemeindegebiet"},"content":{"rendered":"<p>Am Abend des 27. Juni wurde die FF St. Florian zu mehreren Sturmeins\u00e4tzen im Gemeindegebiet alarmiert. <!--more--><\/p>\n<p>Neben einigen umgest\u00fcrzten B\u00e4umen, umgeworfenen Werbetafeln bzw. Bauz\u00e4unen wurde auch bei einer Tankstelle ein loses Blechteil vom Dach mittels Winkelschleifer entfernt. Alle Eins\u00e4tze wurden von ca. 30 Mann mit drei Fahrzeugen (<strong><a href=\"https:\/\/www.feuerwehr-florian.com\/?page_id=2916\">KDOA<\/a><\/strong>, <strong><a href=\"https:\/\/www.feuerwehr-florian.com\/?page_id=3047\">TLFA-B 2000\/200<\/a><\/strong>, <strong><a href=\"https:\/\/www.feuerwehr-florian.com\/?page_id=3049\">LF-A<\/a><\/strong>) abgearbeitet &#8211; einige Eins\u00e4tze sind noch am Laufen.<\/p>\n\n\t\t<style type=\"text\/css\">\n\t\t\t#gallery-1 {\n\t\t\t\tmargin: auto;\n\t\t\t}\n\t\t\t#gallery-1 .gallery-item {\n\t\t\t\tfloat: left;\n\t\t\t\tmargin-top: 10px;\n\t\t\t\ttext-align: center;\n\t\t\t\twidth: 33%;\n\t\t\t}\n\t\t\t#gallery-1 img {\n\t\t\t\tborder: 2px solid #cfcfcf;\n\t\t\t}\n\t\t\t#gallery-1 .gallery-caption {\n\t\t\t\tmargin-left: 0;\n\t\t\t}\n\t\t\t\/* see gallery_shortcode() in wp-includes\/media.php *\/\n\t\t<\/style>\n\t\t<div id='gallery-1' class='gallery galleryid-9917 gallery-columns-3 gallery-size-thumbnail'><dl class='gallery-item'>\n\t\t\t<dt class='gallery-icon landscape'>\n\t\t\t\t<a href='https:\/\/www.feuerwehr-florian.com\/wp-content\/uploads\/2022\/06\/20220627_215307.jpg' title=\"\" data-rl_title=\"\" class=\"rl-gallery-link\" data-rl_caption=\"\" data-rel=\"lightbox-gallery-1\"><img loading=\"lazy\" decoding=\"async\" width=\"250\" height=\"250\" src=\"https:\/\/www.feuerwehr-florian.com\/wp-content\/uploads\/2022\/06\/20220627_215307-250x250.jpg\" class=\"attachment-thumbnail size-thumbnail\" alt=\"\" \/><\/a>\n\t\t\t<\/dt><\/dl><dl class='gallery-item'>\n\t\t\t<dt class='gallery-icon landscape'>\n\t\t\t\t<a href='https:\/\/www.feuerwehr-florian.com\/wp-content\/uploads\/2022\/06\/IMG_7834.jpeg' title=\"\" data-rl_title=\"\" class=\"rl-gallery-link\" data-rl_caption=\"\" data-rel=\"lightbox-gallery-1\"><img loading=\"lazy\" decoding=\"async\" width=\"250\" height=\"250\" src=\"https:\/\/www.feuerwehr-florian.com\/wp-content\/uploads\/2022\/06\/IMG_7834-250x250.jpeg\" class=\"attachment-thumbnail size-thumbnail\" alt=\"\" \/><\/a>\n\t\t\t<\/dt><\/dl>\n\t\t\t<br style='clear: both' \/>\n\t\t<\/div>\n\n","protected":false},"excerpt":{"rendered":"<p>Am Abend des 27. Juni wurde die FF St. Florian zu mehreren Sturmeins\u00e4tzen im Gemeindegebiet alarmiert.<\/p>\n","protected":false},"author":2,"featured_media":9919,"comment_status":"closed","ping_status":"open","sticky":false,"template":"","format":"standard","meta":{"_jetpack_memberships_contains_paid_content":false,"footnotes":"","jetpack_publicize_message":"","jetpack_publicize_feature_enabled":true,"jetpack_social_post_already_shared":true,"jetpack_social_options":{"image_generator_settings":{"template":"highway","default_image_id":0,"font":"","enabled":false},"version":2}},"categories":[218,22],"tags":[219,4,14,8],"class_list":["post-9917","post","type-post","status-publish","format-standard","has-post-thumbnail","hentry","category-218","category-einsaetze","tag-219","tag-einsatz","tag-sturmschaden","tag-technischer-einsatz"],"jetpack_publicize_connections":[],"jetpack_featured_media_url":"https:\/\/www.feuerwehr-florian.com\/wp-content\/uploads\/2022\/06\/IMG_7834.jpeg","jetpack_sharing_enabled":true,"jetpack_likes_enabled":true,"_links":{"self":[{"href":"https:\/\/www.feuerwehr-florian.com\/index.php?rest_route=\/wp\/v2\/posts\/9917","targetHints":{"allow":["GET"]}}],"collection":[{"href":"https:\/\/www.feuerwehr-florian.com\/index.php?rest_route=\/wp\/v2\/posts"}],"about":[{"href":"https:\/\/www.feuerwehr-florian.com\/index.php?rest_route=\/wp\/v2\/types\/post"}],"author":[{"embeddable":true,"href":"https:\/\/www.feuerwehr-florian.com\/index.php?rest_route=\/wp\/v2\/users\/2"}],"replies":[{"embeddable":true,"href":"https:\/\/www.feuerwehr-florian.com\/index.php?rest_route=%2Fwp%2Fv2%2Fcomments&post=9917"}],"version-history":[{"count":3,"href":"https:\/\/www.feuerwehr-florian.com\/index.php?rest_route=\/wp\/v2\/posts\/9917\/revisions"}],"predecessor-version":[{"id":9922,"href":"https:\/\/www.feuerwehr-florian.com\/index.php?rest_route=\/wp\/v2\/posts\/9917\/revisions\/9922"}],"wp:featuredmedia":[{"embeddable":true,"href":"https:\/\/www.feuerwehr-florian.com\/index.php?rest_route=\/wp\/v2\/media\/9919"}],"wp:attachment":[{"href":"https:\/\/www.feuerwehr-florian.com\/index.php?rest_route=%2Fwp%2Fv2%2Fmedia&parent=9917"}],"wp:term":[{"taxonomy":"category","embeddable":true,"href":"https:\/\/www.feuerwehr-florian.com\/index.php?rest_route=%2Fwp%2Fv2%2Fcategories&post=9917"},{"taxonomy":"post_tag","embeddable":true,"href":"https:\/\/www.feuerwehr-florian.com\/index.php?rest_route=%2Fwp%2Fv2%2Ftags&post=9917"}],"curies":[{"name":"wp","href":"https:\/\/api.w.org\/{rel}","templated":true}]}}