{"id":9945,"date":"2022-07-09T06:45:50","date_gmt":"2022-07-09T04:45:50","guid":{"rendered":"https:\/\/www.feuerwehr-florian.com\/?p=9945"},"modified":"2022-07-09T09:42:13","modified_gmt":"2022-07-09T07:42:13","slug":"2x-brandmeldealarm-an-einem-tag","status":"publish","type":"post","link":"https:\/\/www.feuerwehr-florian.com\/?p=9945","title":{"rendered":"2x Brandmeldealarm an einem Tag"},"content":{"rendered":"<p>Am gestrigen Freitag wurde die FF St. Florian zweimal zu einem Brandmeldealarm gerufen. Einmal handelte es sich um einen T\u00e4uschungsalarm, einmal f\u00fchrte eine tats\u00e4chliche Rauchentwicklung zu der Ausl\u00f6sung.<\/p>\n<p><!--more--><\/p>\n<p>Das erste Mal heulten die Sirenen um 06:30 Uhr. Gemeinsam mit der FF Bruck-Hausleiten r\u00fcckten wir zum Schloss Tillysburg aus. Vor Ort konnte nach der Lageerkundung Entwarnung gegeben werden. Es konnte kein Grund f\u00fcr die Ausl\u00f6sung der Brandmeldeanlage festgestellt werden.<\/p>\n<p>Wenige Stunden sp\u00e4ter um die Mittagszeit wurden wir ein zweites Mal an diesem Tag alarmiert. Dieses Mal ins Gewerbegebiet im Astenfeld. Bei unserem Eintreffen am Einsatzort war das Betriebsgeb\u00e4ude bereits ger\u00e4umt und es befanden sich keine Personen mehr in den R\u00e4umlichkeiten. Wir wurden \u00fcber eine Rauchentwicklung (vermutlich ausgel\u00f6st durch eine Mikrowelle) in einem Aufenthaltsraum informiert. Ein Brand konnte von uns nicht festgestellt werden, somit wurde das Objekt nach Bel\u00fcftung der R\u00e4umlichkeiten wieder an den Betreiber \u00fcbergeben.<\/p>\n<p>Im Einsatz standen insgesamt zweimal 20 Mitglieder \u00fcber je ca. 30 Minuten.<\/p>\n\n\t\t<style type=\"text\/css\">\n\t\t\t#gallery-1 {\n\t\t\t\tmargin: auto;\n\t\t\t}\n\t\t\t#gallery-1 .gallery-item {\n\t\t\t\tfloat: left;\n\t\t\t\tmargin-top: 10px;\n\t\t\t\ttext-align: center;\n\t\t\t\twidth: 33%;\n\t\t\t}\n\t\t\t#gallery-1 img {\n\t\t\t\tborder: 2px solid #cfcfcf;\n\t\t\t}\n\t\t\t#gallery-1 .gallery-caption {\n\t\t\t\tmargin-left: 0;\n\t\t\t}\n\t\t\t\/* see gallery_shortcode() in wp-includes\/media.php *\/\n\t\t<\/style>\n\t\t<div id='gallery-1' class='gallery galleryid-9945 gallery-columns-3 gallery-size-thumbnail'><dl class='gallery-item'>\n\t\t\t<dt class='gallery-icon landscape'>\n\t\t\t\t<a href='https:\/\/www.feuerwehr-florian.com\/wp-content\/uploads\/2022\/07\/IMG_20220708_122848.jpg' title=\"\" data-rl_title=\"\" class=\"rl-gallery-link\" data-rl_caption=\"\" data-rel=\"lightbox-gallery-1\"><img loading=\"lazy\" decoding=\"async\" width=\"250\" height=\"250\" src=\"https:\/\/www.feuerwehr-florian.com\/wp-content\/uploads\/2022\/07\/IMG_20220708_122848-250x250.jpg\" class=\"attachment-thumbnail size-thumbnail\" alt=\"\" \/><\/a>\n\t\t\t<\/dt><\/dl><dl class='gallery-item'>\n\t\t\t<dt class='gallery-icon landscape'>\n\t\t\t\t<a href='https:\/\/www.feuerwehr-florian.com\/wp-content\/uploads\/2022\/07\/IMG_20220708_122903.jpg' title=\"\" data-rl_title=\"\" class=\"rl-gallery-link\" data-rl_caption=\"\" data-rel=\"lightbox-gallery-1\"><img loading=\"lazy\" decoding=\"async\" width=\"250\" height=\"250\" src=\"https:\/\/www.feuerwehr-florian.com\/wp-content\/uploads\/2022\/07\/IMG_20220708_122903-250x250.jpg\" class=\"attachment-thumbnail size-thumbnail\" alt=\"\" \/><\/a>\n\t\t\t<\/dt><\/dl><dl class='gallery-item'>\n\t\t\t<dt class='gallery-icon landscape'>\n\t\t\t\t<a href='https:\/\/www.feuerwehr-florian.com\/wp-content\/uploads\/2022\/07\/IMG_20220708_123104.jpg' title=\"\" data-rl_title=\"\" class=\"rl-gallery-link\" data-rl_caption=\"\" data-rel=\"lightbox-gallery-1\"><img loading=\"lazy\" decoding=\"async\" width=\"250\" height=\"250\" src=\"https:\/\/www.feuerwehr-florian.com\/wp-content\/uploads\/2022\/07\/IMG_20220708_123104-250x250.jpg\" class=\"attachment-thumbnail size-thumbnail\" alt=\"\" \/><\/a>\n\t\t\t<\/dt><\/dl><br style=\"clear: both\" \/>\n\t\t<\/div>\n\n","protected":false},"excerpt":{"rendered":"<p>Am gestrigen Freitag wurde die FF St. Florian zweimal zu einem Brandmeldealarm gerufen. Einmal handelte es sich um einen T\u00e4uschungsalarm, einmal f\u00fchrte eine tats\u00e4chliche Rauchentwicklung zu der Ausl\u00f6sung.<\/p>\n","protected":false},"author":11,"featured_media":9944,"comment_status":"closed","ping_status":"open","sticky":false,"template":"","format":"standard","meta":{"_jetpack_memberships_contains_paid_content":false,"footnotes":"","jetpack_publicize_message":"","jetpack_publicize_feature_enabled":true,"jetpack_social_post_already_shared":true,"jetpack_social_options":{"image_generator_settings":{"template":"highway","default_image_id":0,"font":"","enabled":false},"version":2}},"categories":[218,22],"tags":[16,4,226],"class_list":["post-9945","post","type-post","status-publish","format-standard","has-post-thumbnail","hentry","category-218","category-einsaetze","tag-brandmeldealarm","tag-einsatz","tag-rauchentwicklung"],"jetpack_publicize_connections":[],"jetpack_featured_media_url":"https:\/\/www.feuerwehr-florian.com\/wp-content\/uploads\/2022\/07\/IMG_20220708_122848.jpg","jetpack_sharing_enabled":true,"jetpack_likes_enabled":true,"_links":{"self":[{"href":"https:\/\/www.feuerwehr-florian.com\/index.php?rest_route=\/wp\/v2\/posts\/9945","targetHints":{"allow":["GET"]}}],"collection":[{"href":"https:\/\/www.feuerwehr-florian.com\/index.php?rest_route=\/wp\/v2\/posts"}],"about":[{"href":"https:\/\/www.feuerwehr-florian.com\/index.php?rest_route=\/wp\/v2\/types\/post"}],"author":[{"embeddable":true,"href":"https:\/\/www.feuerwehr-florian.com\/index.php?rest_route=\/wp\/v2\/users\/11"}],"replies":[{"embeddable":true,"href":"https:\/\/www.feuerwehr-florian.com\/index.php?rest_route=%2Fwp%2Fv2%2Fcomments&post=9945"}],"version-history":[{"count":3,"href":"https:\/\/www.feuerwehr-florian.com\/index.php?rest_route=\/wp\/v2\/posts\/9945\/revisions"}],"predecessor-version":[{"id":9949,"href":"https:\/\/www.feuerwehr-florian.com\/index.php?rest_route=\/wp\/v2\/posts\/9945\/revisions\/9949"}],"wp:featuredmedia":[{"embeddable":true,"href":"https:\/\/www.feuerwehr-florian.com\/index.php?rest_route=\/wp\/v2\/media\/9944"}],"wp:attachment":[{"href":"https:\/\/www.feuerwehr-florian.com\/index.php?rest_route=%2Fwp%2Fv2%2Fmedia&parent=9945"}],"wp:term":[{"taxonomy":"category","embeddable":true,"href":"https:\/\/www.feuerwehr-florian.com\/index.php?rest_route=%2Fwp%2Fv2%2Fcategories&post=9945"},{"taxonomy":"post_tag","embeddable":true,"href":"https:\/\/www.feuerwehr-florian.com\/index.php?rest_route=%2Fwp%2Fv2%2Ftags&post=9945"}],"curies":[{"name":"wp","href":"https:\/\/api.w.org\/{rel}","templated":true}]}}