{"id":9997,"date":"2022-08-28T15:30:07","date_gmt":"2022-08-28T13:30:07","guid":{"rendered":"https:\/\/www.feuerwehr-florian.com\/?p=9997"},"modified":"2022-08-28T17:26:13","modified_gmt":"2022-08-28T15:26:13","slug":"ueberflutung-am-ipfbach","status":"publish","type":"post","link":"https:\/\/www.feuerwehr-florian.com\/?p=9997","title":{"rendered":"\u00dcberflutung am Ipfbach"},"content":{"rendered":"<p>Am Nachmittag des 28. August 2022 wurde die FF St. Florian zu einem \u00dcberflutungseinsatz in die Siedlung am Ipfbach alarmiert.<\/p>\n<p><!--more--><\/p>\n<p>Durch kurze, jedoch sehr intensive Regenmengen kam es im Gartenbereich eines Reihenhauses zu einem R\u00fcckstau des Regenwassers, wodurch der Besitzer bef\u00fcrchtete, dass dieses in das Innere des Geb\u00e4udes gelangt. Die Situation entspannte sich jedoch noch vor dem Eintreffen der Einsatzkr\u00e4fte, wodurch kein weiteres Eingreifen der Feuerwehr notwendig war. Im Einsatz standen 20 Mann mit einem Fahrzeug (LF-A) 30 Minuten lang.<\/p>\n","protected":false},"excerpt":{"rendered":"<p>Am Nachmittag des 28. August 2022 wurde die FF St. Florian zu einem \u00dcberflutungseinsatz in die Siedlung am Ipfbach alarmiert.<\/p>\n","protected":false},"author":2,"featured_media":5927,"comment_status":"closed","ping_status":"open","sticky":false,"template":"","format":"standard","meta":{"_jetpack_memberships_contains_paid_content":false,"footnotes":"","jetpack_publicize_message":"","jetpack_publicize_feature_enabled":true,"jetpack_social_post_already_shared":true,"jetpack_social_options":{"image_generator_settings":{"template":"highway","default_image_id":0,"font":"","enabled":false},"version":2}},"categories":[218,22],"tags":[219,8,13],"class_list":["post-9997","post","type-post","status-publish","format-standard","has-post-thumbnail","hentry","category-218","category-einsaetze","tag-219","tag-technischer-einsatz","tag-wasserschaden"],"jetpack_publicize_connections":[],"jetpack_featured_media_url":"https:\/\/www.feuerwehr-florian.com\/wp-content\/uploads\/2016\/10\/Symbolfoto4.jpg","jetpack_sharing_enabled":true,"jetpack_likes_enabled":true,"_links":{"self":[{"href":"https:\/\/www.feuerwehr-florian.com\/index.php?rest_route=\/wp\/v2\/posts\/9997","targetHints":{"allow":["GET"]}}],"collection":[{"href":"https:\/\/www.feuerwehr-florian.com\/index.php?rest_route=\/wp\/v2\/posts"}],"about":[{"href":"https:\/\/www.feuerwehr-florian.com\/index.php?rest_route=\/wp\/v2\/types\/post"}],"author":[{"embeddable":true,"href":"https:\/\/www.feuerwehr-florian.com\/index.php?rest_route=\/wp\/v2\/users\/2"}],"replies":[{"embeddable":true,"href":"https:\/\/www.feuerwehr-florian.com\/index.php?rest_route=%2Fwp%2Fv2%2Fcomments&post=9997"}],"version-history":[{"count":2,"href":"https:\/\/www.feuerwehr-florian.com\/index.php?rest_route=\/wp\/v2\/posts\/9997\/revisions"}],"predecessor-version":[{"id":9999,"href":"https:\/\/www.feuerwehr-florian.com\/index.php?rest_route=\/wp\/v2\/posts\/9997\/revisions\/9999"}],"wp:featuredmedia":[{"embeddable":true,"href":"https:\/\/www.feuerwehr-florian.com\/index.php?rest_route=\/wp\/v2\/media\/5927"}],"wp:attachment":[{"href":"https:\/\/www.feuerwehr-florian.com\/index.php?rest_route=%2Fwp%2Fv2%2Fmedia&parent=9997"}],"wp:term":[{"taxonomy":"category","embeddable":true,"href":"https:\/\/www.feuerwehr-florian.com\/index.php?rest_route=%2Fwp%2Fv2%2Fcategories&post=9997"},{"taxonomy":"post_tag","embeddable":true,"href":"https:\/\/www.feuerwehr-florian.com\/index.php?rest_route=%2Fwp%2Fv2%2Ftags&post=9997"}],"curies":[{"name":"wp","href":"https:\/\/api.w.org\/{rel}","templated":true}]}}